{"id":27072,"date":"2022-10-25T07:00:51","date_gmt":"2022-10-25T11:00:51","guid":{"rendered":"http:\/\/www.yungayino.cl\/noticias\/?p=27072"},"modified":"2022-10-21T15:28:47","modified_gmt":"2022-10-21T19:28:47","slug":"dan-el-vamos-a-la-primera-carrera-de-quimica-y-farmacia-que-se-dicta-en-la-region-de-nuble","status":"publish","type":"post","link":"https:\/\/www.yungayino.cl\/noticias\/?p=27072","title":{"rendered":"Dan el Vamos a La Primera Carrera de Qu\u00edmica y Farmacia que se Dicta en la Regi\u00f3n de \u00d1uble"},"content":{"rendered":"<p><img loading=\"lazy\" decoding=\"async\" class=\"alignnone wp-image-27073 size-full\" src=\"http:\/\/www.yungayino.cl\/noticias\/wp-content\/uploads\/2022\/10\/quimica-y-farmacia-chillan.jpg\" alt=\"\" width=\"700\" height=\"350\" srcset=\"https:\/\/www.yungayino.cl\/noticias\/wp-content\/uploads\/2022\/10\/quimica-y-farmacia-chillan.jpg 700w, https:\/\/www.yungayino.cl\/noticias\/wp-content\/uploads\/2022\/10\/quimica-y-farmacia-chillan-300x150.jpg 300w\" sizes=\"auto, (max-width: 700px) 100vw, 700px\" \/><\/p>\n<p style=\"text-align: justify;\">\u00d1uble, octubre 2022: Convenio entre el Gobierno Regional y la Universidad del B\u00edo -B\u00edo permitir\u00e1 impartir la alternativa acad\u00e9mica a partir de marzo del 2023. Se expuso frente a estudiantes de Ense\u00f1anza Media el proyecto, la malla curricular, campo ocupacional y las oportunidades de la profesi\u00f3n.<\/p>\n<p style=\"text-align: justify;\">Con estudiantes de Ense\u00f1anza Media de \u00d1uble como p\u00fablico, se dio el vamos a la primera carrera de Qu\u00edmica y Farmacia que se dictar\u00e1 en la regi\u00f3n y que se concret\u00f3 gracias al convenio de colaboraci\u00f3n y financiamiento entre el Gobierno Regional y la Universidad del B\u00edo- B\u00edo. El\u00a0 acuerdo\u00a0 entre ambas instituciones, que se firm\u00f3 en mayo pasado, permitir\u00e1 adem\u00e1s la formaci\u00f3n del Centro de Simulaci\u00f3n en Salud y del Centro Epidemiol\u00f3gico e impartir tambi\u00e9n la carrera de Medicina.<\/p>\n<p style=\"text-align: justify;\">Fue en el auditorio del campus Chill\u00e1n de la Casa de Estudios, donde el gobernador regional, \u00d3scar Cris\u00f3stomo, junto al rector de la Universidad, Benito Uma\u00f1a, dieron la bienvenida a la charla \u201cEsto no es magia, es Qu\u00edmica y Farmacia\u201d que estuvo a cargo de los acad\u00e9micos, Dr. Julio Alarc\u00f3n Enos y Dr. Edgardo Pastene Navarrete donde se expuso el proyecto educativo, su campo ocupacional, la malla curricular, la infraestructura y las oportunidades que aporta la alternativa acad\u00e9mica.<\/p>\n<p style=\"text-align: justify;\">Durante su intervenci\u00f3n, el Gobernador Cris\u00f3stomo destac\u00f3 que la primera actividad que se da en torno al polo de desarrollo de salud sea el lanzamiento de la carrera de Qu\u00edmica y Farmacia, \u201chemos estado con estudiantes de diversos liceos y establecimientos educacionales de nuestra Regi\u00f3n de \u00d1uble donde los acad\u00e9micos, que van a estar a cargo de esta carrera, han dado una charla inicial.\u00a0 Creo que se est\u00e1 generando una expectativa que sab\u00edamos que iba a ocurrir, porque finalmente lo que estamos haciendo es que la Regi\u00f3n de \u00d1uble le responde a las familias y a los talentos de \u00d1uble, para que puedan formarse en una casa de estudios que tiene una tradici\u00f3n en esta \u00e1rea\u201d.<\/p>\n<p style=\"text-align: justify;\">Por su parte, el rector Benito Uma\u00f1a, hizo entrega del Certificado de Acuerdo de la Honorable Junta Directiva de la universidad en que se autoriza la creaci\u00f3n de la carrera de Qu\u00edmica y Farmacia a la m\u00e1xima autoridad regional y agradeci\u00f3 \u201cal Gobierno Regional por el compromiso por el desarrollo de la regi\u00f3n que se ve reflejado en esta carrera hoy d\u00eda y luego en otros hitos que se van a ir desarrollando en estos a\u00f1os. Es un aporte importante a la formaci\u00f3n de profesionales en la regi\u00f3n y eso suma a la descentralizaci\u00f3n del pa\u00eds y al desarrollo de la regi\u00f3n\u201d.<\/p>\n<p style=\"text-align: justify;\">Asimismo, el acad\u00e9mico Julio Alarc\u00f3n explic\u00f3 que \u201cse present\u00f3 a los estudiantes de la regi\u00f3n, este proyecto acad\u00e9mico de nueva carrera en el cual contamos con el apoyo del Gobierno Regional, esencial en la concreci\u00f3n de laboratorio para el desarrollo de la ciencia farmac\u00e9utica, que es fundamental para un qu\u00edmico farmac\u00e9utico y es un aporte al desarrollo regional\u201d.<\/p>\n<p style=\"text-align: justify;\">Estudiantes de \u00d1uble<\/p>\n<p style=\"text-align: justify;\">Entre quienes estuvieron en la presentaci\u00f3n del proyecto acad\u00e9mico, la alumna Liceo Bicentenario de San Nicol\u00e1s, Scarleth Cort\u00e9s, valor\u00f3 la oferta \u201cque no estaba y nos puede servir para estudiar en la regi\u00f3n; a veces es complicado estudiar afuera por temas econ\u00f3micos, entonces es una buena opci\u00f3n para poder estudiar aqu\u00ed en la ciudad natal\u201d.<\/p>\n<p style=\"text-align: justify;\">En la misma l\u00ednea Francisco Bustamante, tambi\u00e9n estudiante del Liceo Bicentenario de San Nicol\u00e1s, indic\u00f3 que \u201cten\u00eda pensado emigrar a otra regi\u00f3n y cuando escuch\u00e9 que se iba a abrir Qu\u00edmica y Farmacia, fue como una buena opci\u00f3n, y ahora con la charla me pareci\u00f3 m\u00e1s interesante y aparte\u00a0 de que lo que estoy estudiando en cuarto medio que es Qu\u00edmica Industrial con menci\u00f3n laboratorio tiene una continuidad con la carrera\u201d.<\/p>\n<p style=\"text-align: justify;\">La carrera comenzar\u00e1 a impartirse en marzo del 2023, para luego sumar Medicina y los centros de Simulaci\u00f3n en Salud y Epidemiol\u00f3gico con una inversi\u00f3n total que alcanza los $14.000 millones.<\/p>\n","protected":false},"excerpt":{"rendered":"<p>\u00d1uble, octubre 2022: Convenio entre el Gobierno Regional y la Universidad del B\u00edo -B\u00edo permitir\u00e1 impartir la alternativa acad\u00e9mica a partir de marzo del 2023. Se expuso frente a estudiantes de Ense\u00f1anza Media el&#46;&#46;&#46;<\/p>\n","protected":false},"author":2,"featured_media":27073,"comment_status":"closed","ping_status":"open","sticky":false,"template":"","format":"standard","meta":{"footnotes":""},"categories":[1],"tags":[366,1115,2669,1069,8,6,117],"class_list":["post-27072","post","type-post","status-publish","format-standard","has-post-thumbnail","hentry","category-noticias","tag-educacion","tag-noticias","tag-quimica-y-farmacia","tag-universidad-del-bio-bio","tag-yungay","tag-yungayino","tag-yungayinocl"],"_links":{"self":[{"href":"https:\/\/www.yungayino.cl\/noticias\/index.php?rest_route=\/wp\/v2\/posts\/27072","targetHints":{"allow":["GET"]}}],"collection":[{"href":"https:\/\/www.yungayino.cl\/noticias\/index.php?rest_route=\/wp\/v2\/posts"}],"about":[{"href":"https:\/\/www.yungayino.cl\/noticias\/index.php?rest_route=\/wp\/v2\/types\/post"}],"author":[{"embeddable":true,"href":"https:\/\/www.yungayino.cl\/noticias\/index.php?rest_route=\/wp\/v2\/users\/2"}],"replies":[{"embeddable":true,"href":"https:\/\/www.yungayino.cl\/noticias\/index.php?rest_route=%2Fwp%2Fv2%2Fcomments&post=27072"}],"version-history":[{"count":2,"href":"https:\/\/www.yungayino.cl\/noticias\/index.php?rest_route=\/wp\/v2\/posts\/27072\/revisions"}],"predecessor-version":[{"id":27075,"href":"https:\/\/www.yungayino.cl\/noticias\/index.php?rest_route=\/wp\/v2\/posts\/27072\/revisions\/27075"}],"wp:featuredmedia":[{"embeddable":true,"href":"https:\/\/www.yungayino.cl\/noticias\/index.php?rest_route=\/wp\/v2\/media\/27073"}],"wp:attachment":[{"href":"https:\/\/www.yungayino.cl\/noticias\/index.php?rest_route=%2Fwp%2Fv2%2Fmedia&parent=27072"}],"wp:term":[{"taxonomy":"category","embeddable":true,"href":"https:\/\/www.yungayino.cl\/noticias\/index.php?rest_route=%2Fwp%2Fv2%2Fcategories&post=27072"},{"taxonomy":"post_tag","embeddable":true,"href":"https:\/\/www.yungayino.cl\/noticias\/index.php?rest_route=%2Fwp%2Fv2%2Ftags&post=27072"}],"curies":[{"name":"wp","href":"https:\/\/api.w.org\/{rel}","templated":true}]}}