{"id":27085,"date":"2022-10-28T07:00:56","date_gmt":"2022-10-28T11:00:56","guid":{"rendered":"http:\/\/www.yungayino.cl\/noticias\/?p=27085"},"modified":"2022-10-26T12:00:38","modified_gmt":"2022-10-26T16:00:38","slug":"seremi-de-las-culturas-realiza-encuentro-regional-de-encargados-de-cultura-y-espacios-culturales-de-nuble","status":"publish","type":"post","link":"https:\/\/www.yungayino.cl\/noticias\/?p=27085","title":{"rendered":"Seremi de las Culturas Realiza Encuentro Regional de Encargados de Cultura y Espacios Culturales de \u00d1uble"},"content":{"rendered":"<p><img loading=\"lazy\" decoding=\"async\" class=\"alignnone wp-image-27086 size-full\" src=\"http:\/\/www.yungayino.cl\/noticias\/wp-content\/uploads\/2022\/10\/encuentro-encargados-cultura-2022.jpg\" alt=\"\" width=\"700\" height=\"350\" srcset=\"https:\/\/www.yungayino.cl\/noticias\/wp-content\/uploads\/2022\/10\/encuentro-encargados-cultura-2022.jpg 700w, https:\/\/www.yungayino.cl\/noticias\/wp-content\/uploads\/2022\/10\/encuentro-encargados-cultura-2022-300x150.jpg 300w\" sizes=\"auto, (max-width: 700px) 100vw, 700px\" \/><\/p>\n<p style=\"text-align: justify;\">\u00d1uble, octubre 2022: La reuni\u00f3n consisti\u00f3 en dos jornadas de trabajo realizadas en la localidad de Buchupureo, comuna de Cobquecura.<\/p>\n<p style=\"text-align: justify;\">Entre el 19 y 20 de octubre se realiz\u00f3 el encuentro regional que reuni\u00f3 a personas encargadas de cultura municipal e integrantes de la Red de Espacios Culturales de la regi\u00f3n de \u00d1uble. Las jornadas de trabajo forman parte de las acciones de los programas Fortalecimiento de la Identidad Cultural Regional y Red Cultura de la Seremi de las Culturas, las Artes y el Patrimonio y se realizaron con el fin de generar espacios de encuentro, trabajo en red y transferencias de conocimientos.<\/p>\n<p style=\"text-align: justify;\">\u201cNuestra cultura regional es rica y diversa territorialmente y eso lo podemos ver reflejado en la labor que cada d\u00eda desarrollan los y las encargadas de cultura de cada comuna, quienes con pocos recursos y mucha gesti\u00f3n visibilizan cada una de las manifestaciones locales. Por ello, como Seremi de las Culturas, las Artes y el Patrimonio apoyamos el trabajo de estos trabajadores y trabajadoras de las culturas, entregando herramientas que fortalezcan su gesti\u00f3n cultural y espacios de encuentro. Sin lugar a dudas, lo m\u00e1s importante es el trabajo colaborativo que podemos desarrollar para potenciar la regi\u00f3n a trav\u00e9s de las comunas y sus espacios culturales, en la b\u00fasqueda de democratizar la cultura en \u00d1uble\u201d, expres\u00f3 la seremi Scarlet Hidalgo Jara.<\/p>\n<p style=\"text-align: justify;\">La reuni\u00f3n, a la que fueron invitadas las 21 comunas, const\u00f3 de cuatro momentos: el primer d\u00eda el trabajo estuvo enfocado las estrategias de desarrollo de p\u00fablicos post pandemia a cargo del programador de artes esc\u00e9nicas, Javier Ibacahae; el segundo d\u00eda estuvo dedicado a la gesti\u00f3n cultural sostenible, a cargo del investigador Pablo D\u00edaz; a la caracterizaci\u00f3n del ecosistema de la gesti\u00f3n de las culturas en \u00d1uble, a cargo de la investigadora Fabiola Leiva, y al desarrollo de la estrategia quinquenal cultural para la regi\u00f3n, a cargo de la seremi de las Culturas, las Artes y el Patrimonio de \u00d1uble, Scarlet Hidalgo Jara.<\/p>\n","protected":false},"excerpt":{"rendered":"<p>\u00d1uble, octubre 2022: La reuni\u00f3n consisti\u00f3 en dos jornadas de trabajo realizadas en la localidad de Buchupureo, comuna de Cobquecura. Entre el 19 y 20 de octubre se realiz\u00f3 el encuentro regional que reuni\u00f3&#46;&#46;&#46;<\/p>\n","protected":false},"author":2,"featured_media":27086,"comment_status":"closed","ping_status":"open","sticky":false,"template":"","format":"standard","meta":{"footnotes":""},"categories":[1],"tags":[1115,1678,8,6,117],"class_list":["post-27085","post","type-post","status-publish","format-standard","has-post-thumbnail","hentry","category-noticias","tag-noticias","tag-nuble","tag-yungay","tag-yungayino","tag-yungayinocl"],"_links":{"self":[{"href":"https:\/\/www.yungayino.cl\/noticias\/index.php?rest_route=\/wp\/v2\/posts\/27085","targetHints":{"allow":["GET"]}}],"collection":[{"href":"https:\/\/www.yungayino.cl\/noticias\/index.php?rest_route=\/wp\/v2\/posts"}],"about":[{"href":"https:\/\/www.yungayino.cl\/noticias\/index.php?rest_route=\/wp\/v2\/types\/post"}],"author":[{"embeddable":true,"href":"https:\/\/www.yungayino.cl\/noticias\/index.php?rest_route=\/wp\/v2\/users\/2"}],"replies":[{"embeddable":true,"href":"https:\/\/www.yungayino.cl\/noticias\/index.php?rest_route=%2Fwp%2Fv2%2Fcomments&post=27085"}],"version-history":[{"count":1,"href":"https:\/\/www.yungayino.cl\/noticias\/index.php?rest_route=\/wp\/v2\/posts\/27085\/revisions"}],"predecessor-version":[{"id":27087,"href":"https:\/\/www.yungayino.cl\/noticias\/index.php?rest_route=\/wp\/v2\/posts\/27085\/revisions\/27087"}],"wp:featuredmedia":[{"embeddable":true,"href":"https:\/\/www.yungayino.cl\/noticias\/index.php?rest_route=\/wp\/v2\/media\/27086"}],"wp:attachment":[{"href":"https:\/\/www.yungayino.cl\/noticias\/index.php?rest_route=%2Fwp%2Fv2%2Fmedia&parent=27085"}],"wp:term":[{"taxonomy":"category","embeddable":true,"href":"https:\/\/www.yungayino.cl\/noticias\/index.php?rest_route=%2Fwp%2Fv2%2Fcategories&post=27085"},{"taxonomy":"post_tag","embeddable":true,"href":"https:\/\/www.yungayino.cl\/noticias\/index.php?rest_route=%2Fwp%2Fv2%2Ftags&post=27085"}],"curies":[{"name":"wp","href":"https:\/\/api.w.org\/{rel}","templated":true}]}}