{"id":2710,"date":"2009-12-23T18:00:21","date_gmt":"2009-12-23T22:00:21","guid":{"rendered":"http:\/\/www.yungayino.cl\/noticias\/?p=2710"},"modified":"2009-12-23T22:26:37","modified_gmt":"2009-12-24T02:26:37","slug":"destacada-participacion-de-yungayino-y-sus-dos-perros-ovejeros-alemanes","status":"publish","type":"post","link":"https:\/\/www.yungayino.cl\/noticias\/?p=2710","title":{"rendered":"Destacada Participaci\u00f3n de Yungayino y sus Dos Perros Ovejeros Alemanes"},"content":{"rendered":"<p><img decoding=\"async\" src=\"http:\/\/www.yungayino.cl\/imagenes\/moisestroncoso.jpg\" alt=\"Destacada Participaci\u00f3n de Yungayino y sus Dos Perros Ovejeros Alemanes\" \/><\/p>\n<p align=\"justify\"><font size=\"2\">Yungay, una destacada participaci\u00f3n ha tenido el joven yungayino Mois\u00e9s Troncoso Flores, domiciliado en calle Dolores N\u00ba 58 de nuestra comuna, como Preparador F\u00edsico de sus dos Perros de Raza Ovejeros Alemanes, el macho de 10 meses llamado \u201cCamaro Vonder Bar\u201d y la hembra de 8 meses llamada \u201cSelena Van Hasselt\u201d. El mes de noviembre participaron y destacaron por su habilidad en el Campeonato Nacional de Estructura del Perro Ovejero Alem\u00e1n realizado en Puerto Varas, donde en la Categor\u00eda Machos, \u201cCamaro Vonder Bar\u201d obtuvo el Tercer Lugar y la reci\u00e9n pasada semana participaron en la Exposici\u00f3n Regional de Chill\u00e1n, que organiz\u00f3 el Club de Criadores de Ovejeros Alemanes de Chill\u00e1n (COACHI), donde en la Cuarta Categor\u00eda Machos, \u201cCamaro Vonder Bar\u201d obtuvo el Tercer Lugar y en la Quinta Categor\u00eda Hembras, \u201cSelena Van Hasselt\u201d obtuvo tambi\u00e9n el Tercer Lugar, el Equipo Yungayino.cl felicita a este joven qui\u00e9n con su esfuerzo y recursos propios a logrado destacar a nuestra comuna.<br \/>\n<a href=\"http:\/\/www.yungayino.cl\/noticias\/?p=2710#comments\">Comente Aqu\u00ed<\/a><br \/>\n<a href=\"http:\/\/www.flickr.com\/photos\/45693900@N02\/tags\/ovejeroaleman\/\">Fotograf\u00edas<\/a><\/font><\/p>\n","protected":false},"excerpt":{"rendered":"<p>Yungay, una destacada participaci\u00f3n ha tenido el joven yungayino Mois\u00e9s Troncoso Flores, domiciliado en calle Dolores N\u00ba 58 de nuestra comuna, como Preparador F\u00edsico de sus dos Perros de Raza Ovejeros Alemanes, el macho&#46;&#46;&#46;<\/p>\n","protected":false},"author":2,"featured_media":15197,"comment_status":"open","ping_status":"open","sticky":false,"template":"","format":"standard","meta":{"footnotes":""},"categories":[1],"tags":[138,69,137,8,6],"class_list":["post-2710","post","type-post","status-publish","format-standard","has-post-thumbnail","hentry","category-noticias","tag-camaro-vonder-bar","tag-noticas","tag-selena-van-hasselt","tag-yungay","tag-yungayino"],"_links":{"self":[{"href":"https:\/\/www.yungayino.cl\/noticias\/index.php?rest_route=\/wp\/v2\/posts\/2710","targetHints":{"allow":["GET"]}}],"collection":[{"href":"https:\/\/www.yungayino.cl\/noticias\/index.php?rest_route=\/wp\/v2\/posts"}],"about":[{"href":"https:\/\/www.yungayino.cl\/noticias\/index.php?rest_route=\/wp\/v2\/types\/post"}],"author":[{"embeddable":true,"href":"https:\/\/www.yungayino.cl\/noticias\/index.php?rest_route=\/wp\/v2\/users\/2"}],"replies":[{"embeddable":true,"href":"https:\/\/www.yungayino.cl\/noticias\/index.php?rest_route=%2Fwp%2Fv2%2Fcomments&post=2710"}],"version-history":[{"count":4,"href":"https:\/\/www.yungayino.cl\/noticias\/index.php?rest_route=\/wp\/v2\/posts\/2710\/revisions"}],"predecessor-version":[{"id":2714,"href":"https:\/\/www.yungayino.cl\/noticias\/index.php?rest_route=\/wp\/v2\/posts\/2710\/revisions\/2714"}],"wp:featuredmedia":[{"embeddable":true,"href":"https:\/\/www.yungayino.cl\/noticias\/index.php?rest_route=\/wp\/v2\/media\/15197"}],"wp:attachment":[{"href":"https:\/\/www.yungayino.cl\/noticias\/index.php?rest_route=%2Fwp%2Fv2%2Fmedia&parent=2710"}],"wp:term":[{"taxonomy":"category","embeddable":true,"href":"https:\/\/www.yungayino.cl\/noticias\/index.php?rest_route=%2Fwp%2Fv2%2Fcategories&post=2710"},{"taxonomy":"post_tag","embeddable":true,"href":"https:\/\/www.yungayino.cl\/noticias\/index.php?rest_route=%2Fwp%2Fv2%2Ftags&post=2710"}],"curies":[{"name":"wp","href":"https:\/\/api.w.org\/{rel}","templated":true}]}}