{"id":27110,"date":"2022-11-02T07:00:12","date_gmt":"2022-11-02T11:00:12","guid":{"rendered":"http:\/\/www.yungayino.cl\/noticias\/?p=27110"},"modified":"2022-11-02T20:37:52","modified_gmt":"2022-11-03T00:37:52","slug":"representante-de-fao-chile-la-articulacion-intersectorial-es-una-oportunidad-para-el-desarrollo-rural-de-nuble","status":"publish","type":"post","link":"https:\/\/www.yungayino.cl\/noticias\/?p=27110","title":{"rendered":"Representante De FAO Chile \u201cLa Articulaci\u00f3n Intersectorial Es Una Oportunidad Para El Desarrollo Rural De \u00d1uble\u201d"},"content":{"rendered":"<p><img loading=\"lazy\" decoding=\"async\" class=\"alignnone wp-image-27111 size-full\" src=\"http:\/\/www.yungayino.cl\/noticias\/wp-content\/uploads\/2022\/11\/representante-de-FAO.jpg\" alt=\"\" width=\"700\" height=\"315\" srcset=\"https:\/\/www.yungayino.cl\/noticias\/wp-content\/uploads\/2022\/11\/representante-de-FAO.jpg 700w, https:\/\/www.yungayino.cl\/noticias\/wp-content\/uploads\/2022\/11\/representante-de-FAO-300x135.jpg 300w, https:\/\/www.yungayino.cl\/noticias\/wp-content\/uploads\/2022\/11\/representante-de-FAO-333x150.jpg 333w\" sizes=\"auto, (max-width: 700px) 100vw, 700px\" \/><\/p>\n<p style=\"text-align: justify;\">\u00d1uble, noviembre 2022: Eve Crowley visit\u00f3 la regi\u00f3n y se reuni\u00f3 con autoridades locales para conocer avances y aportes del proyecto +Bosques, de la Estrategia Nacional de Cambio Clim\u00e1tico de CONAF y desarrollado en conjunto con FAO.<\/p>\n<p style=\"text-align: justify;\">Una visita a la regi\u00f3n de \u00d1uble realiz\u00f3 Eve Crowley, representante de la FAO en Chile (Organizaci\u00f3n de las Naciones Unidas para la Agricultura y la Alimentaci\u00f3n), oportunidad en la cual se reuni\u00f3 con distintas autoridades locales para analizar pol\u00edticas p\u00fablicas sobre cambio clim\u00e1tico y desarrollo sustentable en el territorio.<\/p>\n<p style=\"text-align: justify;\">La doctora en Antropolog\u00eda arrib\u00f3 a la regi\u00f3n para participar como expositora en el VIII Congreso Internacional de Ingenier\u00eda Industrial, organizado por el Centro de Desarrollo Tecnol\u00f3gico Agroindustrial (CDTA) y la Facultad de Ingenier\u00eda Agr\u00edcola de la Universidad de Concepci\u00f3n.<\/p>\n<p style=\"text-align: justify;\">En ese marco, sostuvo adem\u00e1s una intensa agenda que contempl\u00f3 una reuni\u00f3n con el Delegado Presidencial Regional de \u00d1uble, Claudio Ferrada; el seremi de Medio Ambiente, Mario Rivas; y el director regional de CONAF \u00d1uble, Renzo Galgani. Adem\u00e1s, un breve encuentro con el gobernador de \u00d1uble, \u00d3scar Cris\u00f3stomo.<\/p>\n<p style=\"text-align: justify;\">Eve Crowley valor\u00f3 ambas instancias y la mirada coincidente de las autoridades locales respecto a que \u201cexiste inter\u00e9s y capacidad de colaboraci\u00f3n para generar apoyo territorial, porque se entiende que la articulaci\u00f3n intersectorial es una oportunidad para el desarrollo rural de \u00d1uble\u201d.<\/p>\n<p style=\"text-align: justify;\">Agreg\u00f3 que una de las caracter\u00edsticas centrales de \u00d1uble es su alta ruralidad, demostrando que \u201cse requiere asociatividad entre los actores de menos recursos para llegar a incidir en el mercado, y eso no solo es una caracter\u00edstica del sector agr\u00edcola, sino tambi\u00e9n en los sectores forestal y pesquero\u201d.<\/p>\n<p style=\"text-align: justify;\">Proyecto +Bosques<\/p>\n<p style=\"text-align: justify;\">La representante de la FAO se reuni\u00f3 adem\u00e1s con el director y profesionales de Conaf \u00d1uble, para analizar la aplicaci\u00f3n de la Estrategia Nacional de Cambio Clim\u00e1tico y Recursos Vegetacionales (ENCCRV) y los avances de ejecuci\u00f3n del proyecto +Bosques, que en la regi\u00f3n comprende una inversi\u00f3n de 2.850 millones de pesos para trabajos en \u00e1reas de forestaci\u00f3n, restauraci\u00f3n ecol\u00f3gica, manejo sustentable de bosques y prevenci\u00f3n contra incendios, dentro de 1.500 hect\u00e1reas, entre los a\u00f1os\u00a0 2021 y 2026.<\/p>\n<p style=\"text-align: justify;\">En \u00d1uble, el proyecto +Bosques se encuentra desarrollando ocho pilotos en materias de restauraci\u00f3n ecol\u00f3gica en \u00e1reas afectadas por incendio en la Reserva Nacional \u00d1uble; reconversi\u00f3n de especies ex\u00f3ticas, como el pino radiata, con especies nativas en Pemuco; forestaci\u00f3n y restauraci\u00f3n ecol\u00f3gica en vi\u00f1edos y en \u00e1reas afectadas por incendio en San Nicol\u00e1s; roce y reducci\u00f3n de desechos de quila muerta para evitar incendios en Pinto; forestaci\u00f3n con plantas nativas para protecci\u00f3n de vi\u00f1edos en R\u00e1nquil; manejo sustentable de bosque nativo en el Cerro Cayumanque de Quill\u00f3n; construcci\u00f3n de cortafuegos para predios de 17 peque\u00f1os propietarios de Quirihue; y la adquisici\u00f3n de trozadoras y picadoras para propietarios de bosque nativo con producci\u00f3n sustentable de le\u00f1a.<\/p>\n<p style=\"text-align: justify;\">\u201cEl proyecto +Bosques est\u00e1 enfocado en la restauraci\u00f3n de los ecosistemas de bosques y su manejo sostenible, considerando adem\u00e1s la b\u00fasqueda de beneficios econ\u00f3micos para peque\u00f1os y medianos propietarios y propietarias de estos bosques. Asimismo, en este territorio se quiere avanzar en otras iniciativas espec\u00edficas como la protecci\u00f3n de especies amenazadas como el \u00e1rbol nativo Queule y el ciervo Huemul\u201d resalt\u00f3 Eve Crowley.<\/p>\n<p style=\"text-align: justify;\">Reacci\u00f3n de autoridades<\/p>\n<p style=\"text-align: justify;\">El Delegado Presidencial Regional de \u00d1uble, Claudio Ferrada, valor\u00f3 la visita de la representante de la FAO se\u00f1alando que \u201cpudimos trazar una l\u00ednea en com\u00fan de un trabajo colaborativo entre el Gobierno y el organismo internacional, donde esperamos para los a\u00f1os 2023 y 2024 venga asimilado a una serie de recursos adicionales para la conservaci\u00f3n del patrimonio ambiental dentro de la regi\u00f3n\u201d.<\/p>\n<p style=\"text-align: justify;\">Por su parte, el Seremi de Medio Ambiente, Mario Rivas, indic\u00f3 que esta visita \u201cha sido prometedora en cuanto a proyectos de restauraci\u00f3n de ecosistemas que vamos a sostener en conjunto para beneficio de \u00d1uble, lo cual sintoniza con los objetivos de desarrollo sostenible que estamos abordando para la regi\u00f3n, por ejemplo, en la acci\u00f3n por el clima, en la producci\u00f3n sostenible de la agricultura y la protecci\u00f3n de la Reserva de la Bi\u00f3sfera\u201d.<\/p>\n<p style=\"text-align: justify;\">Finalmente, el director regional de Conaf \u00d1uble, Renzo Galgani, manifest\u00f3 que \u00abla visita de Eve Crowley es parte de la din\u00e1mica de relaci\u00f3n intersectorial que se est\u00e1 dando en la regi\u00f3n, por lo tanto, el proyecto +Bosques que estamos realizando junto a ellos y extensionistas forestales, adem\u00e1s de la conversaci\u00f3n que tuvimos sobre los radios para determinar proyectos de alimentaci\u00f3n saludable, de proveedores, econom\u00eda circular y otros elementos, es un avance respecto a lo que podr\u00edamos emprender en nuestro territorio\u00bb.<\/p>\n","protected":false},"excerpt":{"rendered":"<p>\u00d1uble, noviembre 2022: Eve Crowley visit\u00f3 la regi\u00f3n y se reuni\u00f3 con autoridades locales para conocer avances y aportes del proyecto +Bosques, de la Estrategia Nacional de Cambio Clim\u00e1tico de CONAF y desarrollado en&#46;&#46;&#46;<\/p>\n","protected":false},"author":2,"featured_media":27111,"comment_status":"closed","ping_status":"open","sticky":false,"template":"","format":"standard","meta":{"footnotes":""},"categories":[1],"tags":[1115,1678,215,8,117],"class_list":["post-27110","post","type-post","status-publish","format-standard","has-post-thumbnail","hentry","category-noticias","tag-noticias","tag-nuble","tag-yngayino","tag-yungay","tag-yungayinocl"],"_links":{"self":[{"href":"https:\/\/www.yungayino.cl\/noticias\/index.php?rest_route=\/wp\/v2\/posts\/27110","targetHints":{"allow":["GET"]}}],"collection":[{"href":"https:\/\/www.yungayino.cl\/noticias\/index.php?rest_route=\/wp\/v2\/posts"}],"about":[{"href":"https:\/\/www.yungayino.cl\/noticias\/index.php?rest_route=\/wp\/v2\/types\/post"}],"author":[{"embeddable":true,"href":"https:\/\/www.yungayino.cl\/noticias\/index.php?rest_route=\/wp\/v2\/users\/2"}],"replies":[{"embeddable":true,"href":"https:\/\/www.yungayino.cl\/noticias\/index.php?rest_route=%2Fwp%2Fv2%2Fcomments&post=27110"}],"version-history":[{"count":2,"href":"https:\/\/www.yungayino.cl\/noticias\/index.php?rest_route=\/wp\/v2\/posts\/27110\/revisions"}],"predecessor-version":[{"id":27113,"href":"https:\/\/www.yungayino.cl\/noticias\/index.php?rest_route=\/wp\/v2\/posts\/27110\/revisions\/27113"}],"wp:featuredmedia":[{"embeddable":true,"href":"https:\/\/www.yungayino.cl\/noticias\/index.php?rest_route=\/wp\/v2\/media\/27111"}],"wp:attachment":[{"href":"https:\/\/www.yungayino.cl\/noticias\/index.php?rest_route=%2Fwp%2Fv2%2Fmedia&parent=27110"}],"wp:term":[{"taxonomy":"category","embeddable":true,"href":"https:\/\/www.yungayino.cl\/noticias\/index.php?rest_route=%2Fwp%2Fv2%2Fcategories&post=27110"},{"taxonomy":"post_tag","embeddable":true,"href":"https:\/\/www.yungayino.cl\/noticias\/index.php?rest_route=%2Fwp%2Fv2%2Ftags&post=27110"}],"curies":[{"name":"wp","href":"https:\/\/api.w.org\/{rel}","templated":true}]}}