{"id":27114,"date":"2022-11-03T07:00:02","date_gmt":"2022-11-03T11:00:02","guid":{"rendered":"http:\/\/www.yungayino.cl\/noticias\/?p=27114"},"modified":"2022-11-02T20:39:15","modified_gmt":"2022-11-03T00:39:15","slug":"consejo-regional-aprueba-recursos-para-programas-de-apoyo-a-pequenos-agricultores-de-nuble","status":"publish","type":"post","link":"https:\/\/www.yungayino.cl\/noticias\/?p=27114","title":{"rendered":"Consejo Regional Aprueba Recursos Para Programas De Apoyo A Peque\u00f1os Agricultores De \u00d1uble"},"content":{"rendered":"<p><img loading=\"lazy\" decoding=\"async\" class=\"alignnone wp-image-27115 size-full\" src=\"http:\/\/www.yungayino.cl\/noticias\/wp-content\/uploads\/2022\/11\/apoyo_pequenos_agricultores.jpg\" alt=\"\" width=\"700\" height=\"350\" srcset=\"https:\/\/www.yungayino.cl\/noticias\/wp-content\/uploads\/2022\/11\/apoyo_pequenos_agricultores.jpg 700w, https:\/\/www.yungayino.cl\/noticias\/wp-content\/uploads\/2022\/11\/apoyo_pequenos_agricultores-300x150.jpg 300w\" sizes=\"auto, (max-width: 700px) 100vw, 700px\" \/><\/p>\n<p style=\"text-align: justify;\">\u00d1uble, noviembre 2022: Se trata de dos iniciativas que suman un total de $1.817 millones para mitigar el efecto del d\u00e9ficit h\u00eddrico y apoyar el desarrollo hort\u00edcola de la regi\u00f3n.<\/p>\n<p style=\"text-align: justify;\">Tambi\u00e9n se dio el vamos a la transferencia para el programa Mejoramiento de la Calidad de la Educaci\u00f3n Escolar para las comunas de Punilla.<\/p>\n<p style=\"text-align: justify;\">Dos iniciativas que van en apoyo de peque\u00f1os agricultores de \u00d1uble, fueron aprobadas por el Consejo Regional en la sesi\u00f3n extraordinaria N\u00b0 36 que se desarroll\u00f3 en la comuna de El Carmen.\u00a0 Ambas iniciativas ser\u00e1n ejecutadas por INDAP con recursos del FNDR del Gobierno Regional. Primero se dio luz verde al financiamiento del programa de apoyo al desarrollo hort\u00edcola de la Regi\u00f3n de \u00d1uble, que hab\u00eda sido anunciado por el Gobernador Regional, \u00d3scar Cris\u00f3stomo con motivo del D\u00eda de la Mujer en marzo pasado y que alcanza una inversi\u00f3n de $713.000.000.<\/p>\n<p style=\"text-align: justify;\">El objetivo de este proyecto es modernizar el rubro a trav\u00e9s de capacitaciones y recursos para la adquisici\u00f3n de maquinaria, capital gen\u00e9tico e infraestructura con el fin de aumentar el nivel tecnol\u00f3gico, atenuando as\u00ed, la estacionalidad de la producci\u00f3n de hortalizas.<\/p>\n<p style=\"text-align: justify;\">Adem\u00e1s, el Consejo Regional dio el vamos al financiamiento del programa para la mitigaci\u00f3n al impacto del d\u00e9ficit h\u00eddrico en las zonas de emergencia de la regi\u00f3n, por un monto de $1.1014.000.000 y que tiene como fin apoyar con recursos para obras menores de riego a 300 peque\u00f1os agricultores que han visto afectada su producci\u00f3n agr\u00edcola debido a la sequ\u00eda.<\/p>\n<p style=\"text-align: justify;\">La peque\u00f1a agricultura ha estado en el centro de atenci\u00f3n del Gobierno Regional en diferentes iniciativas, el Gobernador Cris\u00f3stomo detall\u00f3 que \u201chemos aprobado, de forma un\u00e1nime, un proyecto ser\u00e1 muy bien valorado y que adem\u00e1s viene a dar una se\u00f1al distinta a c\u00f3mo se hacen las cosas en nuestra Regi\u00f3n de \u00d1uble. Hace aproximadamente ocho meses, tuvimos la oportunidad de conversar con varias vecinas que desarrollaban el rubro hort\u00edcola y nos contaban la precariedad que ten\u00edan tanto para el\u00a0 riego, como para su invernadero y que no hab\u00edan podido\u00a0 desarrollarse\u00a0 porque no\u00a0 eran beneficiarias de los programas ni de Indap ni\u00a0 de otras instituciones\u201d. Frente a esta realidad, a\u00f1adi\u00f3 el Gobernador \u201cnos pusimos manos a la obra y decidimos generar un nuevo programa junto con Prodemu, Indap y los municipios que van estar involucrados, que diera nuevas condiciones para que el rubro hort\u00edcola se pudiera desarrollar y tambi\u00e9n tener un canal de comercializaci\u00f3n que es sumamente importante. Esta iniciativa pionera que estamos desarrollando en la Regi\u00f3n de \u00d1uble va a dar mejores condiciones de vida a mujeres que, en su mayor\u00eda son jefas de hogar, que se han quedado en el campo y no ten\u00edan una mano colaborativa para poder desarrollar\u00a0 su \u00e1rea productiva\u201d.<\/p>\n<p style=\"text-align: justify;\">Asimismo, el presidente de la comisi\u00f3n de Agricultura y Recursos H\u00eddricos del Consejo Regional, Jezer Sep\u00falveda, sostuvo que \u201clos recursos h\u00eddricos son tan importantes, especialmente para los peque\u00f1os due\u00f1os de huertos que con ellos, van poder fortalecerse como familia, adem\u00e1s en El Carmen ya est\u00e1n organizados para ello y ser\u00e1n un ejemplo para el resto de la regi\u00f3n\u201d.<\/p>\n<p style=\"text-align: justify;\">En ese sentido, el director regional de Indap, Luis Garc\u00eda, agreg\u00f3 que la aprobaci\u00f3n de los proyectos\u00a0 por parte del Consejo, \u201cvan en la l\u00ednea de lo que estamos trabajando y se complementa absolutamente\u00a0 con lo dicho por el seremi de Medio Ambiente, que tenemos un cambio clim\u00e1tico que lleg\u00f3 para quedarse y tenemos que mitigar y adaptarnos y en ese contexto, hay que trabajar el\u00a0 d\u00e9ficit h\u00eddrico que es uno de los proyectos que fue aprobado y vamos a dar soluci\u00f3n a muchas familias para que tengan este elemento vital\u201d. Por otro lado, acot\u00f3 respecto a la iniciativa para apoyar el rubro hort\u00edcola \u201ctambi\u00e9n est\u00e1 en la l\u00ednea de este gobierno y del Minagri,\u00a0 que dicen\u00a0 relaci\u00f3n con la seguridad alimentaria y lo que estamos logrando es trabajar, aunque no lo diga directamente el proyecto, la equidad de g\u00e9nero, porque el rubro de las hortalizas generalmente\u00a0 es trabajado por mujeres\u201d.<\/p>\n<p style=\"text-align: justify;\">Como presidenta de la Agrupaci\u00f3n de Mujeres Campesinas Laja-Diguill\u00edn, Cecilia Navarrete, coment\u00f3 que \u201ces un paso grande que hemos dado ya que por el tema\u00a0 del agua no hemos podido producir mucho, pero ahora como fuimos aceptadas de este proyecto, podemos seguir trabajando y en\u00a0 grande, (\u2026) dar las gracias a mi gente, a las mujeres, a las que llevan el\u00a0 sustento a la casa que gracias a ellas estoy donde estoy y darle gracias Dios, al alcalde, a don \u00d3scar, la se\u00f1ora Tamara y a la directora de Prodemu\u00a0 por esta oportunidad que nos dieron.\u201d<\/p>\n<p style=\"text-align: justify;\">Transporte escolar en Punilla<\/p>\n<p style=\"text-align: justify;\">En la jornada de la tarde, el Consejo Regional desarroll\u00f3 la sesi\u00f3n ordinaria N\u00b099 donde se aprobaron recursos para el proyecto de Mejoramiento de la Calidad de la Educaci\u00f3n Escolar Rural que present\u00f3 la Asociaci\u00f3n de Municipalidades de Punilla. La iniciativa que considera el transporte de los estudiantes en las cuatro comunas de la provincia, suma un total de $424.563.000 y busca fortalecer los niveles de asistencia escolar de los sectores rurales de San Carlos, Coihueco, San Fabi\u00e1n y \u00d1iqu\u00e9n. Beneficiar\u00e1 a m\u00e1s de 7.000 estudiantes de 64 establecimientos.<\/p>\n<p style=\"text-align: justify;\">El presidente de la Comisi\u00f3n de Educaci\u00f3n, Cultura, Ciencia y Tecnolog\u00eda, Consejero Juan Riquelme puntualiz\u00f3 con\u00a0 estos recursos \u201cestamos respondiendo a una demanda tan urgente que se plante\u00f3 especialmente desde las comunas rurales de nuestra regi\u00f3n; el Gobierno Regional por primera vez se hace cargo de asignar recursos para entregar un aporte directo a los municipios con el prop\u00f3sito de financiar el transporte de nuestros estudiantes de sectores rurales que est\u00e1n muy alejados de los centros urbanos y de sus establecimientos educacionales\u201d.<\/p>\n","protected":false},"excerpt":{"rendered":"<p>\u00d1uble, noviembre 2022: Se trata de dos iniciativas que suman un total de $1.817 millones para mitigar el efecto del d\u00e9ficit h\u00eddrico y apoyar el desarrollo hort\u00edcola de la regi\u00f3n. Tambi\u00e9n se dio el&#46;&#46;&#46;<\/p>\n","protected":false},"author":2,"featured_media":27115,"comment_status":"closed","ping_status":"open","sticky":false,"template":"","format":"standard","meta":{"footnotes":""},"categories":[1],"tags":[1115,8,6,117],"class_list":["post-27114","post","type-post","status-publish","format-standard","has-post-thumbnail","hentry","category-noticias","tag-noticias","tag-yungay","tag-yungayino","tag-yungayinocl"],"_links":{"self":[{"href":"https:\/\/www.yungayino.cl\/noticias\/index.php?rest_route=\/wp\/v2\/posts\/27114","targetHints":{"allow":["GET"]}}],"collection":[{"href":"https:\/\/www.yungayino.cl\/noticias\/index.php?rest_route=\/wp\/v2\/posts"}],"about":[{"href":"https:\/\/www.yungayino.cl\/noticias\/index.php?rest_route=\/wp\/v2\/types\/post"}],"author":[{"embeddable":true,"href":"https:\/\/www.yungayino.cl\/noticias\/index.php?rest_route=\/wp\/v2\/users\/2"}],"replies":[{"embeddable":true,"href":"https:\/\/www.yungayino.cl\/noticias\/index.php?rest_route=%2Fwp%2Fv2%2Fcomments&post=27114"}],"version-history":[{"count":2,"href":"https:\/\/www.yungayino.cl\/noticias\/index.php?rest_route=\/wp\/v2\/posts\/27114\/revisions"}],"predecessor-version":[{"id":27117,"href":"https:\/\/www.yungayino.cl\/noticias\/index.php?rest_route=\/wp\/v2\/posts\/27114\/revisions\/27117"}],"wp:featuredmedia":[{"embeddable":true,"href":"https:\/\/www.yungayino.cl\/noticias\/index.php?rest_route=\/wp\/v2\/media\/27115"}],"wp:attachment":[{"href":"https:\/\/www.yungayino.cl\/noticias\/index.php?rest_route=%2Fwp%2Fv2%2Fmedia&parent=27114"}],"wp:term":[{"taxonomy":"category","embeddable":true,"href":"https:\/\/www.yungayino.cl\/noticias\/index.php?rest_route=%2Fwp%2Fv2%2Fcategories&post=27114"},{"taxonomy":"post_tag","embeddable":true,"href":"https:\/\/www.yungayino.cl\/noticias\/index.php?rest_route=%2Fwp%2Fv2%2Ftags&post=27114"}],"curies":[{"name":"wp","href":"https:\/\/api.w.org\/{rel}","templated":true}]}}