{"id":27118,"date":"2022-11-05T07:00:23","date_gmt":"2022-11-05T11:00:23","guid":{"rendered":"http:\/\/www.yungayino.cl\/noticias\/?p=27118"},"modified":"2022-11-04T14:26:58","modified_gmt":"2022-11-04T18:26:58","slug":"servicio-de-salud-nuble-desarrolla-programa-para-recuperar-practicas-ancestrales-en-salud-junto-a-pueblos-originarios","status":"publish","type":"post","link":"https:\/\/www.yungayino.cl\/noticias\/?p=27118","title":{"rendered":"Servicio De Salud \u00d1uble Desarrolla Programa Para Recuperar Pr\u00e1cticas Ancestrales En Salud Junto A Pueblos Originarios"},"content":{"rendered":"<p><img loading=\"lazy\" decoding=\"async\" class=\"alignnone wp-image-27119 size-full\" src=\"http:\/\/www.yungayino.cl\/noticias\/wp-content\/uploads\/2022\/11\/Recuperacion-de-Practicas-Ancestrales.jpg\" alt=\"\" width=\"700\" height=\"350\" srcset=\"https:\/\/www.yungayino.cl\/noticias\/wp-content\/uploads\/2022\/11\/Recuperacion-de-Practicas-Ancestrales.jpg 700w, https:\/\/www.yungayino.cl\/noticias\/wp-content\/uploads\/2022\/11\/Recuperacion-de-Practicas-Ancestrales-300x150.jpg 300w\" sizes=\"auto, (max-width: 700px) 100vw, 700px\" \/><\/p>\n<p style=\"text-align: justify;\">Actividades contempladas en el Programa Especial de Pueblos Ind\u00edgenas (PESPI), desarrolladas en el marco de un convenio entre el Servicio de Salud \u00d1uble y el Centro de Intervenci\u00f3n e Investigaci\u00f3n Social de la Escuela de Trabajo Social de la Universidad del B\u00edo B\u00edo.<\/p>\n<p style=\"text-align: justify;\">Con jornadas de recuperaci\u00f3n de pr\u00e1cticas ancestrales, hierbas medicinales, alimentaci\u00f3n saludable y telar, se llevar\u00e1 a cabo el Proyecto \u00abRecuperaci\u00f3n de pr\u00e1cticas ancestrales de comunidad y preservaci\u00f3n de la salud\u00bb, desarrollado en el marco de un convenio de trabajo conjunto entre el Servicio de Salud \u00d1uble (SS\u00d1) y el Centro de Intervenci\u00f3n e Investigaci\u00f3n Social de la Escuela de Trabajo Social de la Universidad del B\u00edo B\u00edo (CIISETS-UBB).<\/p>\n<p style=\"text-align: justify;\">Una serie de encuentros del SS\u00d1, contemplados dentro del Programa Especial de Pueblos Ind\u00edgenas (PESPI), el cual apunta a incorporar la participaci\u00f3n activa de los pueblos originarios en la formulaci\u00f3n y evaluaci\u00f3n de los Planes de Salud Intercultural en la Red Sanitaria, generando acciones para contribuir a mejorar la calidad, accesibilidad y resolutividad en la atenci\u00f3n de salud.<\/p>\n<p style=\"text-align: justify;\">\u201cA trav\u00e9s de las distintas acciones que lideramos desde el SS\u00d1, queremos reforzar y renovar nuestro compromiso con las asociaciones y comunidades de Pueblos Originarios de la Regi\u00f3n de \u00d1uble, a fin de seguir avanzando en la implementaci\u00f3n de una atenci\u00f3n de salud m\u00e1s intercultural, cercana e integral para todos nuestros usuarios y usuarias\u201d, destac\u00f3 la Directora (s) del SS\u00d1, Elizabeth Abarca Trivi\u00f1o.<\/p>\n<p style=\"text-align: justify;\">Asimismo, la directiva se\u00f1al\u00f3 que \u201cson significativas instancias que permiten que los y las integrantes de estas organizaciones, incorporen elementos de la cosmovisi\u00f3n, y a su vez puedan transmit\u00edrselos a los distintos equipos de salud y a las comunidades que representan\u201d.<\/p>\n<p style=\"text-align: justify;\">Por su parte, la Jefa del Departamento de Participaci\u00f3n y Satisfacci\u00f3n Usuaria del SS\u00d1, Susana Y\u00e1\u00f1ez Vald\u00e9s, indic\u00f3 que \u201clas actividades programadas para este a\u00f1o, surgen de las propias necesidades de las comunidades, con quienes venimos realizando un trabajo que ha buscado el rescate de la cosmovisi\u00f3n de pueblos originarios, vinculada principalmente a la salud. Trabajaremos en temas relacionadas con la alimentaci\u00f3n, hierbas medicinales y telar, esta \u00faltima, que surgi\u00f3 para cuidar la salud mental, afectada durante la pandemia\u201d.<\/p>\n<p style=\"text-align: justify;\">Una iniciativa, que contempla diversos espacios, que contar\u00e1n con la participaci\u00f3n de integrantes de las diferentes asociaciones y comunidades de Pueblos Originarios de la Regi\u00f3n de \u00d1uble.<\/p>\n<p>&nbsp;<\/p>\n<p><img loading=\"lazy\" decoding=\"async\" class=\"alignnone wp-image-27120 size-full\" src=\"http:\/\/www.yungayino.cl\/noticias\/wp-content\/uploads\/2022\/11\/adjuntar-foto.jpg\" alt=\"\" width=\"700\" height=\"466\" srcset=\"https:\/\/www.yungayino.cl\/noticias\/wp-content\/uploads\/2022\/11\/adjuntar-foto.jpg 700w, https:\/\/www.yungayino.cl\/noticias\/wp-content\/uploads\/2022\/11\/adjuntar-foto-300x200.jpg 300w, https:\/\/www.yungayino.cl\/noticias\/wp-content\/uploads\/2022\/11\/adjuntar-foto-225x150.jpg 225w\" sizes=\"auto, (max-width: 700px) 100vw, 700px\" \/><\/p>\n","protected":false},"excerpt":{"rendered":"<p>Actividades contempladas en el Programa Especial de Pueblos Ind\u00edgenas (PESPI), desarrolladas en el marco de un convenio entre el Servicio de Salud \u00d1uble y el Centro de Intervenci\u00f3n e Investigaci\u00f3n Social de la Escuela&#46;&#46;&#46;<\/p>\n","protected":false},"author":2,"featured_media":27119,"comment_status":"closed","ping_status":"open","sticky":false,"template":"","format":"standard","meta":{"footnotes":""},"categories":[1],"tags":[1678,2672,8,66,117],"class_list":["post-27118","post","type-post","status-publish","format-standard","has-post-thumbnail","hentry","category-noticias","tag-nuble","tag-pueblos-originarios","tag-yungay","tag-yungayino-noticias","tag-yungayinocl"],"_links":{"self":[{"href":"https:\/\/www.yungayino.cl\/noticias\/index.php?rest_route=\/wp\/v2\/posts\/27118","targetHints":{"allow":["GET"]}}],"collection":[{"href":"https:\/\/www.yungayino.cl\/noticias\/index.php?rest_route=\/wp\/v2\/posts"}],"about":[{"href":"https:\/\/www.yungayino.cl\/noticias\/index.php?rest_route=\/wp\/v2\/types\/post"}],"author":[{"embeddable":true,"href":"https:\/\/www.yungayino.cl\/noticias\/index.php?rest_route=\/wp\/v2\/users\/2"}],"replies":[{"embeddable":true,"href":"https:\/\/www.yungayino.cl\/noticias\/index.php?rest_route=%2Fwp%2Fv2%2Fcomments&post=27118"}],"version-history":[{"count":2,"href":"https:\/\/www.yungayino.cl\/noticias\/index.php?rest_route=\/wp\/v2\/posts\/27118\/revisions"}],"predecessor-version":[{"id":27122,"href":"https:\/\/www.yungayino.cl\/noticias\/index.php?rest_route=\/wp\/v2\/posts\/27118\/revisions\/27122"}],"wp:featuredmedia":[{"embeddable":true,"href":"https:\/\/www.yungayino.cl\/noticias\/index.php?rest_route=\/wp\/v2\/media\/27119"}],"wp:attachment":[{"href":"https:\/\/www.yungayino.cl\/noticias\/index.php?rest_route=%2Fwp%2Fv2%2Fmedia&parent=27118"}],"wp:term":[{"taxonomy":"category","embeddable":true,"href":"https:\/\/www.yungayino.cl\/noticias\/index.php?rest_route=%2Fwp%2Fv2%2Fcategories&post=27118"},{"taxonomy":"post_tag","embeddable":true,"href":"https:\/\/www.yungayino.cl\/noticias\/index.php?rest_route=%2Fwp%2Fv2%2Ftags&post=27118"}],"curies":[{"name":"wp","href":"https:\/\/api.w.org\/{rel}","templated":true}]}}