{"id":27124,"date":"2022-11-04T10:00:57","date_gmt":"2022-11-04T14:00:57","guid":{"rendered":"http:\/\/www.yungayino.cl\/noticias\/?p=27124"},"modified":"2022-11-04T14:26:33","modified_gmt":"2022-11-04T18:26:33","slug":"gendarmeria-realizo-sorpresivo-allanamiento-en-penal-de-yungay","status":"publish","type":"post","link":"https:\/\/www.yungayino.cl\/noticias\/?p=27124","title":{"rendered":"Gendarmer\u00eda Realiz\u00f3 Sorpresivo Allanamiento En Penal De Yungay"},"content":{"rendered":"<p><img loading=\"lazy\" decoding=\"async\" class=\"alignnone wp-image-27125 size-full\" src=\"http:\/\/www.yungayino.cl\/noticias\/wp-content\/uploads\/2022\/11\/adjunta-nota.jpg\" alt=\"\" width=\"700\" height=\"556\" srcset=\"https:\/\/www.yungayino.cl\/noticias\/wp-content\/uploads\/2022\/11\/adjunta-nota.jpg 700w, https:\/\/www.yungayino.cl\/noticias\/wp-content\/uploads\/2022\/11\/adjunta-nota-300x238.jpg 300w, https:\/\/www.yungayino.cl\/noticias\/wp-content\/uploads\/2022\/11\/adjunta-nota-189x150.jpg 189w\" sizes=\"auto, (max-width: 700px) 100vw, 700px\" \/><\/p>\n<p style=\"text-align: justify;\">Yungay, noviembre 2022: Enmarcado en los planes de seguridad preventiva de la instituci\u00f3n penitenciaria, ayer en la ma\u00f1ana se realiz\u00f3 un exhaustivo registro y allanamiento en el Centro de Detenci\u00f3n Preventiva de Yungay, oportunidad donde se logr\u00f3 incautar una serie de celulares y droga.<\/p>\n<p style=\"text-align: justify;\">El alcaide del penal, Capit\u00e1n Agust\u00edn Guti\u00e9rrez Parada, felicit\u00f3 a todos los funcionarios y funcionarias que participaron del procedimiento por su gran profesionalismo, entrega y compromiso.<\/p>\n<p style=\"text-align: justify;\">\u201cLos funcionarios y funcionarias de Gendarmer\u00eda de Chile est\u00e1n comprometidos con la seguridad en los penales lograron la incautaci\u00f3n de una serie de elementos prohibidos que afectan el normal funcionamiento de la unidad y ponen en peligro la integridad tanto a los internos como a los funcionarios, adem\u00e1s de afectar los distintos programas de reinserci\u00f3n que se ejecutan al interior del penal\u201d, finaliz\u00f3 el Jefe de Unidad.<\/p>\n<p style=\"text-align: justify;\">El registro y allanamiento extraordinario se enmarca en las pol\u00edticas de combate contra el crimen organizado al interior de los recintos carcelarios, impulsado por el Ministerio de Justicia y Derechos Humanos a trav\u00e9s de Gendarmer\u00eda de Chile.<\/p>\n","protected":false},"excerpt":{"rendered":"<p>Yungay, noviembre 2022: Enmarcado en los planes de seguridad preventiva de la instituci\u00f3n penitenciaria, ayer en la ma\u00f1ana se realiz\u00f3 un exhaustivo registro y allanamiento en el Centro de Detenci\u00f3n Preventiva de Yungay, oportunidad&#46;&#46;&#46;<\/p>\n","protected":false},"author":2,"featured_media":27126,"comment_status":"closed","ping_status":"open","sticky":false,"template":"","format":"standard","meta":{"footnotes":""},"categories":[1],"tags":[2673,361,1115,8,6,117],"class_list":["post-27124","post","type-post","status-publish","format-standard","has-post-thumbnail","hentry","category-noticias","tag-allanamiento","tag-gendarmeria","tag-noticias","tag-yungay","tag-yungayino","tag-yungayinocl"],"_links":{"self":[{"href":"https:\/\/www.yungayino.cl\/noticias\/index.php?rest_route=\/wp\/v2\/posts\/27124","targetHints":{"allow":["GET"]}}],"collection":[{"href":"https:\/\/www.yungayino.cl\/noticias\/index.php?rest_route=\/wp\/v2\/posts"}],"about":[{"href":"https:\/\/www.yungayino.cl\/noticias\/index.php?rest_route=\/wp\/v2\/types\/post"}],"author":[{"embeddable":true,"href":"https:\/\/www.yungayino.cl\/noticias\/index.php?rest_route=\/wp\/v2\/users\/2"}],"replies":[{"embeddable":true,"href":"https:\/\/www.yungayino.cl\/noticias\/index.php?rest_route=%2Fwp%2Fv2%2Fcomments&post=27124"}],"version-history":[{"count":1,"href":"https:\/\/www.yungayino.cl\/noticias\/index.php?rest_route=\/wp\/v2\/posts\/27124\/revisions"}],"predecessor-version":[{"id":27127,"href":"https:\/\/www.yungayino.cl\/noticias\/index.php?rest_route=\/wp\/v2\/posts\/27124\/revisions\/27127"}],"wp:featuredmedia":[{"embeddable":true,"href":"https:\/\/www.yungayino.cl\/noticias\/index.php?rest_route=\/wp\/v2\/media\/27126"}],"wp:attachment":[{"href":"https:\/\/www.yungayino.cl\/noticias\/index.php?rest_route=%2Fwp%2Fv2%2Fmedia&parent=27124"}],"wp:term":[{"taxonomy":"category","embeddable":true,"href":"https:\/\/www.yungayino.cl\/noticias\/index.php?rest_route=%2Fwp%2Fv2%2Fcategories&post=27124"},{"taxonomy":"post_tag","embeddable":true,"href":"https:\/\/www.yungayino.cl\/noticias\/index.php?rest_route=%2Fwp%2Fv2%2Ftags&post=27124"}],"curies":[{"name":"wp","href":"https:\/\/api.w.org\/{rel}","templated":true}]}}