{"id":27135,"date":"2022-11-22T07:00:51","date_gmt":"2022-11-22T11:00:51","guid":{"rendered":"http:\/\/www.yungayino.cl\/noticias\/?p=27135"},"modified":"2022-11-21T15:33:13","modified_gmt":"2022-11-21T19:33:13","slug":"reserva-nacional-nuble-recibe-apoyo-para-su-recategorizacion-a-parque-nacional","status":"publish","type":"post","link":"https:\/\/www.yungayino.cl\/noticias\/?p=27135","title":{"rendered":"Reserva Nacional \u00d1uble Recibe Apoyo Para Su Recategorizaci\u00f3n A Parque Nacional"},"content":{"rendered":"<p><img loading=\"lazy\" decoding=\"async\" class=\"alignnone wp-image-27136 size-full\" src=\"http:\/\/www.yungayino.cl\/noticias\/wp-content\/uploads\/2022\/11\/reserva_nacional_nuble.jpg\" alt=\"\" width=\"700\" height=\"350\" srcset=\"https:\/\/www.yungayino.cl\/noticias\/wp-content\/uploads\/2022\/11\/reserva_nacional_nuble.jpg 700w, https:\/\/www.yungayino.cl\/noticias\/wp-content\/uploads\/2022\/11\/reserva_nacional_nuble-300x150.jpg 300w\" sizes=\"auto, (max-width: 700px) 100vw, 700px\" \/><\/p>\n<p style=\"text-align: justify;\">\u00d1uble, noviembre 2022: Los aspectos t\u00e9cnicos que involucran el cambio de categor\u00eda fueron presentados a la Asamblea General del Consejo Consultivo de la Reserva Nacional \u00d1uble.<\/p>\n<p style=\"text-align: justify;\">Cerca de cincuenta personas participaron en la Asamblea General del Consejo Consultivo de la Reserva Nacional de \u00d1uble, el martes 25 de octubre, donde se abord\u00f3 el an\u00e1lisis t\u00e9cnico y la justificaci\u00f3n para que esta \u00e1rea silvestre protegida ascienda a la categor\u00eda de \u201cParque Nacional\u201d.<\/p>\n<p style=\"text-align: justify;\">Una propuesta impulsada por el Departamento de \u00c1reas Silvestres Protegidas (ASP) de CONAF \u00d1uble, que ha encontrado un eco positivo en la comunidad, operadores de turismo, el municipio y otros servicios p\u00fablicos vinculados a la conservaci\u00f3n de este espacio protegido del Estado.<\/p>\n<p style=\"text-align: justify;\">Renzo Galgani, director de CONAF \u00d1uble, se\u00f1al\u00f3 que \u201cuna recategorizaci\u00f3n de reserva a parque permitir\u00eda disponer herramientas adicionales para la conservaci\u00f3n del territorio, por lo que cualquier proyecto vinculado al territorio pueda ser evaluado bajo reglas distintas, garantizando as\u00ed la protecci\u00f3n de este ecosistema para el goce de las futuras generaciones\u201d.<\/p>\n<p style=\"text-align: justify;\">Al respecto, Christopher Sep\u00falveda, jefe de ASP de CONAF \u00d1uble, precis\u00f3 que \u201chace tres a\u00f1os estamos trabajando con la comunidad en la proyecci\u00f3n de la Reserva \u00d1uble, buscando la preservaci\u00f3n de objetos de conservaci\u00f3n como el huemul y sus ecosistemas, junto al desarrollo de un turismo sustentable, siendo aspectos que est\u00e1n mejor ligados a un Parque Nacional\u201d.<\/p>\n<p style=\"text-align: justify;\">Apoyo transversal<\/p>\n<p style=\"text-align: justify;\">Gabriela Allende, presidenta del Consejo Consultivo, indic\u00f3 que \u201cla comunidad ve como buenos ojos una recategorizaci\u00f3n, por que tendr\u00edamos m\u00e1s herramientas para la conservaci\u00f3n del territorio. En esta reuni\u00f3n conocimos los argumentos t\u00e9cnicos y los apoyamos plenamente\u201d.<\/p>\n<p style=\"text-align: justify;\">La directora (s) de Sernatur \u00d1uble, Marcela Rodr\u00edguez, expres\u00f3 que \u201cpasar de reserva a parque nacional sube los est\u00e1ndares para el turismo sustentable que queremos desarrollar en la regi\u00f3n, en la l\u00ednea del cuidado de nuestro patrimonio natural y de conservaci\u00f3n, ampliando adem\u00e1s la oferta a turistas extranjeros, especialmente europeos, que priorizan el turismo de naturaleza\u201d.<\/p>\n<p style=\"text-align: justify;\">En sinton\u00eda\u00a0 con lo anterior, el seremi Cristian Ortiz, de Bienes Nacionales, resalt\u00f3 que \u201cvamos a colocar todos los esfuerzos y aportar en todo lo que corresponda, porque pasar a parque nacional mejora el est\u00e1ndar y la cantidad de recursos que podr\u00edan llegar, adem\u00e1s colocar\u00eda limitaciones a proyectos que puedan ir en contra de la conservaci\u00f3n\u201d.<\/p>\n<p style=\"text-align: justify;\">El alcalde de Pinto, Manuel Guzm\u00e1n, manifest\u00f3 que \u201csignificar\u00eda un gran salto para el crecimiento tur\u00edstico y lo que podemos ofrecer a nivel mundial, as\u00ed que invitamos a trabajar los compromisos asumidos por cada instituci\u00f3n, partiendo por el propio municipio, porque nos interesa que todo se vaya dando para las nuevas generaciones\u201d.<\/p>\n<p style=\"text-align: justify;\">La reuni\u00f3n tuvo lugar en la sede de la Agrupaci\u00f3n Los Arrieros de Atacalco, ubicada en el sector Los Lleuques Bajo, de la comuna de Pinto, donde participaron representantes de la comunidad, ONG\u00b4s locales, operadores de turismo de Pinto, empresas asociadas a la reserva, de la seremi de Bienes Nacionales, Conaf, Sernatur, Indap, Sag, Vialidad, y de los municipios de Pinto, El Carmen y <strong>Yungay<\/strong>; con el apoyo de profesionales de la secci\u00f3n de Participaci\u00f3n y Vinculaci\u00f3n para la Conservaci\u00f3n y Bienestar Social de la Gerencia de \u00c1reas Protegidas de CONAF.<\/p>\n","protected":false},"excerpt":{"rendered":"<p>\u00d1uble, noviembre 2022: Los aspectos t\u00e9cnicos que involucran el cambio de categor\u00eda fueron presentados a la Asamblea General del Consejo Consultivo de la Reserva Nacional \u00d1uble. Cerca de cincuenta personas participaron en la Asamblea&#46;&#46;&#46;<\/p>\n","protected":false},"author":2,"featured_media":27136,"comment_status":"closed","ping_status":"open","sticky":false,"template":"","format":"standard","meta":{"footnotes":""},"categories":[1],"tags":[1115,1678,2675,2345,8,6,117],"class_list":["post-27135","post","type-post","status-publish","format-standard","has-post-thumbnail","hentry","category-noticias","tag-noticias","tag-nuble","tag-parque","tag-reserva-nacional","tag-yungay","tag-yungayino","tag-yungayinocl"],"_links":{"self":[{"href":"https:\/\/www.yungayino.cl\/noticias\/index.php?rest_route=\/wp\/v2\/posts\/27135","targetHints":{"allow":["GET"]}}],"collection":[{"href":"https:\/\/www.yungayino.cl\/noticias\/index.php?rest_route=\/wp\/v2\/posts"}],"about":[{"href":"https:\/\/www.yungayino.cl\/noticias\/index.php?rest_route=\/wp\/v2\/types\/post"}],"author":[{"embeddable":true,"href":"https:\/\/www.yungayino.cl\/noticias\/index.php?rest_route=\/wp\/v2\/users\/2"}],"replies":[{"embeddable":true,"href":"https:\/\/www.yungayino.cl\/noticias\/index.php?rest_route=%2Fwp%2Fv2%2Fcomments&post=27135"}],"version-history":[{"count":2,"href":"https:\/\/www.yungayino.cl\/noticias\/index.php?rest_route=\/wp\/v2\/posts\/27135\/revisions"}],"predecessor-version":[{"id":27138,"href":"https:\/\/www.yungayino.cl\/noticias\/index.php?rest_route=\/wp\/v2\/posts\/27135\/revisions\/27138"}],"wp:featuredmedia":[{"embeddable":true,"href":"https:\/\/www.yungayino.cl\/noticias\/index.php?rest_route=\/wp\/v2\/media\/27136"}],"wp:attachment":[{"href":"https:\/\/www.yungayino.cl\/noticias\/index.php?rest_route=%2Fwp%2Fv2%2Fmedia&parent=27135"}],"wp:term":[{"taxonomy":"category","embeddable":true,"href":"https:\/\/www.yungayino.cl\/noticias\/index.php?rest_route=%2Fwp%2Fv2%2Fcategories&post=27135"},{"taxonomy":"post_tag","embeddable":true,"href":"https:\/\/www.yungayino.cl\/noticias\/index.php?rest_route=%2Fwp%2Fv2%2Ftags&post=27135"}],"curies":[{"name":"wp","href":"https:\/\/api.w.org\/{rel}","templated":true}]}}