{"id":27163,"date":"2022-11-15T07:00:10","date_gmt":"2022-11-15T11:00:10","guid":{"rendered":"http:\/\/www.yungayino.cl\/noticias\/?p=27163"},"modified":"2022-11-11T18:20:29","modified_gmt":"2022-11-11T22:20:29","slug":"consejo-regional-aprueba-comunas-que-formarian-parte-de-la-zona-de-rezago-cordillera-de-nuble","status":"publish","type":"post","link":"https:\/\/www.yungayino.cl\/noticias\/?p=27163","title":{"rendered":"Consejo Regional Aprueba Comunas Que Formar\u00edan Parte De La Zona De Rezago Cordillera De \u00d1uble"},"content":{"rendered":"<p><img loading=\"lazy\" decoding=\"async\" class=\"alignnone wp-image-27164 size-full\" src=\"http:\/\/www.yungayino.cl\/noticias\/wp-content\/uploads\/2022\/11\/zonas-rezago-nuble.jpg\" alt=\"\" width=\"700\" height=\"350\" srcset=\"https:\/\/www.yungayino.cl\/noticias\/wp-content\/uploads\/2022\/11\/zonas-rezago-nuble.jpg 700w, https:\/\/www.yungayino.cl\/noticias\/wp-content\/uploads\/2022\/11\/zonas-rezago-nuble-300x150.jpg 300w\" sizes=\"auto, (max-width: 700px) 100vw, 700px\" \/><\/p>\n<p style=\"text-align: justify;\">\u00d1uble, noviembre 2022: La propuesta debe ser validada por la Subdere, ya que se agregaron las comunas de San Ignacio y Yungay atendiendo criterios de pobreza y poseer sectores aislados, \u00edndices de ruralidad y continuidad del territorio. La Zona de Rezago Cordillera sumar\u00eda un total de diez comunas.<\/p>\n<p style=\"text-align: justify;\">El Consejo Regional de \u00d1uble aprob\u00f3 por unanimidad, en su sesi\u00f3n ordinaria N\u00b0 100, la propuesta hecha por el Gobierno Regional respecto a las comunas que deber\u00edan integrar la nueva Zona de Rezago considerada dentro del plan de desarrollo propuesto por la Subsecretar\u00eda de Desarrollo Regional y Administrativo, Subdere, para el periodo 2023- 2027.<\/p>\n<p style=\"text-align: justify;\">Las comunas consideradas por la Subdere para la Zona de Rezago Cordillera son San Carlos, \u00d1iqu\u00e9n, Coihueco, San Fabi\u00e1n, Pinto, El Carmen, Pemuco y Bulnes, no obstante, considerando indicadores como pobreza, ruralidad, zonas aisladas y la continuidad de la zona propuesta, el Gobierno Regional de \u00d1uble, sum\u00f3 dos territorios: San Ignacio y <strong>Yungay<\/strong> que deber\u00e1n ser validados a nivel central.<\/p>\n<p style=\"text-align: justify;\">El Gobernador Cris\u00f3stomo, explic\u00f3 que durante la sesi\u00f3n del Consejo Regional, \u201chemos aprobado lo que va a ser la nueva zona de rezago de la Regi\u00f3n de \u00d1uble; seg\u00fan el informe que hab\u00eda emanado desde la Subdere son ocho las comunas particularmente asentadas en la cordillera, sin embargo, con el acuerdo del Consejo Regional hemos decidido sumar a San Ignacio y Yungay y esta va a ser la propuesta que va mantener la regi\u00f3n de \u00d1uble, a fin de ir focalizando los esfuerzos, tanto de inversiones regionales del gobierno regional como tambi\u00e9n la inversi\u00f3n de los distintos sectores de la regi\u00f3n.\u201d<\/p>\n<p style=\"text-align: justify;\">La m\u00e1xima autoridad regional, sostuvo que \u201cnecesitamos hacer las cosas distintas a como lo hicimos en el Valle del Itata, particularmente en esa zona hay un aprendizaje, hay muchas cosas que se focalizaron, pero otras que se dejaron de hacer en una amalgama de iniciativas exageradamente alta que finalmente en muchos los sectores, no repercuti\u00f3 positivamente. Al contrario, lo que nosotros ya hemos conversado con los alcaldes, concejos municipales, con los consejeros, queremos hacer inversiones que apunten efectivamente a un cambio en el sector cordillerano esta regi\u00f3n de \u00d1uble, proyectos que tengan un gran impacto y as\u00ed ir focalizando los esfuerzos y de esa manera estamos convencidos que vamos a poder ir mejorando las condiciones de vida de nuestras localidades m\u00e1s apartadas\u201d.<\/p>\n<p style=\"text-align: justify;\">A su vez, el Consejero Arnoldo Jim\u00e9nez, quien es presidente de la Comisi\u00f3n de Planificaci\u00f3n y Desarrollo Territorial valor\u00f3 la \u201cpropuesta del Gobierno Regional respecto del establecimiento de una segunda Zona de Rezago, que significa una zona para apoyar en forma especial con recursos de inversi\u00f3n y favorecer su desarrollo en la cual se incluyen ocho comunas de la precordillera de \u00d1uble, y que el Gobierno Regional ha solicitado adem\u00e1s incluir a San Ignacio y Yungay. Me parece una definici\u00f3n muy importante para poder apoyar\u00a0 de manera especial\u00a0 a esas localidades que son zonas que determina la Subdere en base a la pobreza multidimensional y la existencia de localidades aisladas dentro de esas comunas\u201d.<\/p>\n<p style=\"text-align: justify;\">Tambi\u00e9n el Coordinador de la Zona de Rezago, Jorge Romero, valor\u00f3 la aprobaci\u00f3n\u00a0 porque \u201ccon\u00a0 esto vamos avanzando y dando un paso seguro para la constituci\u00f3n de la nueva Zona de Rezago Cordillera, con ello vamos ahora a pedirle a la Subdere que valide esta propuesta que establece el Consejo Regional, (\u2026) Una vez que la Subdere valide esta propuesta y emita una resoluci\u00f3n se podr\u00e1 iniciar un trabajo diagn\u00f3stico en cada una de las comunas en enero del 2023 con la finalidad\u00a0 de tenerlo y un plan de acci\u00f3n en junio e iniciar el trabajo de esta nueva zona de rezago en julio del 2023\u201d.<\/p>\n<p style=\"text-align: justify;\">San Ignacio y Yungay<\/p>\n<p style=\"text-align: justify;\">Los antecedentes que se esgrimen para sumar a la comuna de San Ignacio como parte de la Zona de Rezago Cordillera es que se encuentra por sobre la media de pobreza multidimensional regional y nacional, y posee localidades aisladas, acompa\u00f1ado de que la comuna estaba incluida en el informe de comunas susceptibles de ser rezago a\u00f1o 2021. Dentro de los sectores aislados y con problemas de conectividad vial y digital se encuentran\u00a0 El \u00c1lamo, Meco, Cotrauco, Paso Las Huertas, Los Maquis, Vega Honda, Larqui Chico, Las Quilas y La Ermita.<\/p>\n<p style=\"text-align: justify;\">En el caso de la comuna de Yungay, de acuerdo a cifras regionales posee tambi\u00e9n niveles de mayor pobreza por ingresos que la media regional y nacional, y en cuanto a pobreza multidimensional est\u00e1 dentro del promedio de nivel nacional, adem\u00e1s cuenta con sectores con escaso acceso vial y de conectividad como Ranchillo Bajo, San Miguel de Itata, Pedregal, Santa Lucia Alto, Tres Antonios, Pangal del Laja y El Roble.<\/p>\n","protected":false},"excerpt":{"rendered":"<p>\u00d1uble, noviembre 2022: La propuesta debe ser validada por la Subdere, ya que se agregaron las comunas de San Ignacio y Yungay atendiendo criterios de pobreza y poseer sectores aislados, \u00edndices de ruralidad y&#46;&#46;&#46;<\/p>\n","protected":false},"author":2,"featured_media":27164,"comment_status":"closed","ping_status":"open","sticky":false,"template":"","format":"standard","meta":{"footnotes":""},"categories":[1],"tags":[1115,1678,8,6,117,2679],"class_list":["post-27163","post","type-post","status-publish","format-standard","has-post-thumbnail","hentry","category-noticias","tag-noticias","tag-nuble","tag-yungay","tag-yungayino","tag-yungayinocl","tag-zonas-de-rezago"],"_links":{"self":[{"href":"https:\/\/www.yungayino.cl\/noticias\/index.php?rest_route=\/wp\/v2\/posts\/27163","targetHints":{"allow":["GET"]}}],"collection":[{"href":"https:\/\/www.yungayino.cl\/noticias\/index.php?rest_route=\/wp\/v2\/posts"}],"about":[{"href":"https:\/\/www.yungayino.cl\/noticias\/index.php?rest_route=\/wp\/v2\/types\/post"}],"author":[{"embeddable":true,"href":"https:\/\/www.yungayino.cl\/noticias\/index.php?rest_route=\/wp\/v2\/users\/2"}],"replies":[{"embeddable":true,"href":"https:\/\/www.yungayino.cl\/noticias\/index.php?rest_route=%2Fwp%2Fv2%2Fcomments&post=27163"}],"version-history":[{"count":2,"href":"https:\/\/www.yungayino.cl\/noticias\/index.php?rest_route=\/wp\/v2\/posts\/27163\/revisions"}],"predecessor-version":[{"id":27166,"href":"https:\/\/www.yungayino.cl\/noticias\/index.php?rest_route=\/wp\/v2\/posts\/27163\/revisions\/27166"}],"wp:featuredmedia":[{"embeddable":true,"href":"https:\/\/www.yungayino.cl\/noticias\/index.php?rest_route=\/wp\/v2\/media\/27164"}],"wp:attachment":[{"href":"https:\/\/www.yungayino.cl\/noticias\/index.php?rest_route=%2Fwp%2Fv2%2Fmedia&parent=27163"}],"wp:term":[{"taxonomy":"category","embeddable":true,"href":"https:\/\/www.yungayino.cl\/noticias\/index.php?rest_route=%2Fwp%2Fv2%2Fcategories&post=27163"},{"taxonomy":"post_tag","embeddable":true,"href":"https:\/\/www.yungayino.cl\/noticias\/index.php?rest_route=%2Fwp%2Fv2%2Ftags&post=27163"}],"curies":[{"name":"wp","href":"https:\/\/api.w.org\/{rel}","templated":true}]}}