{"id":27180,"date":"2022-11-16T07:00:41","date_gmt":"2022-11-16T11:00:41","guid":{"rendered":"http:\/\/www.yungayino.cl\/noticias\/?p=27180"},"modified":"2022-11-13T21:00:24","modified_gmt":"2022-11-14T01:00:24","slug":"con-recursos-del-gobierno-regional-conaf-modernizara-vehiculos-de-apoyo-en-el-combate-de-incendios","status":"publish","type":"post","link":"https:\/\/www.yungayino.cl\/noticias\/?p=27180","title":{"rendered":"Con Recursos Del Gobierno Regional: Conaf Modernizar\u00e1 Veh\u00edculos De Apoyo En El Combate De Incendios"},"content":{"rendered":"<p><img loading=\"lazy\" decoding=\"async\" class=\"alignnone wp-image-27181 size-full\" src=\"http:\/\/www.yungayino.cl\/noticias\/wp-content\/uploads\/2022\/11\/conaf_vehiculos.jpg\" alt=\"\" width=\"700\" height=\"350\" srcset=\"https:\/\/www.yungayino.cl\/noticias\/wp-content\/uploads\/2022\/11\/conaf_vehiculos.jpg 700w, https:\/\/www.yungayino.cl\/noticias\/wp-content\/uploads\/2022\/11\/conaf_vehiculos-300x150.jpg 300w\" sizes=\"auto, (max-width: 700px) 100vw, 700px\" \/><\/p>\n<p style=\"text-align: justify;\">\u00d1uble, noviembre 2022: El Consejo Regional aprob\u00f3 recursos por m\u00e1s de $618 millones, que permitir\u00e1n la adquisici\u00f3n de camionetas de primera intervenci\u00f3n y un puesto de comando implementado con una central m\u00f3vil de coordinaci\u00f3n.<\/p>\n<p style=\"text-align: justify;\">Una importante inversi\u00f3n destinada a la prevenci\u00f3n y control de incendios forestales, aprob\u00f3 el Consejo Regional de \u00d1uble en su sesi\u00f3n ordinaria N\u00b0100, para la adquisici\u00f3n por parte de Conaf de veh\u00edculos y equipos que permitan a la instituci\u00f3n dar respuesta oportuna y una coordinaci\u00f3n eficiente en caso de una emergencia.<\/p>\n<p style=\"text-align: justify;\">En detalle, la iniciativa considera dos camionetas doble cabina con tracci\u00f3n para la intervenci\u00f3n r\u00e1pida de trabajos, principalmente en las zonas de interfaz urbano \u2013 forestal, adem\u00e1s un veh\u00edculo de\u00a0 puesto de comando con sistema de telecomunicaci\u00f3n, pantallas, dos puestos de trabajo, central m\u00f3vil de coordinaci\u00f3n y grupo electr\u00f3geno. El monto total del proyecto alcanza los $618.562.000 y estar\u00e1 operativo en la regi\u00f3n para la pr\u00f3xima temporada de incidencia de incendios forestales.<\/p>\n<p style=\"text-align: justify;\">El Gobernador \u00d3scar Cris\u00f3stomo, como presidente del Consejo Regional, prioriz\u00f3 esta iniciativa que estaba en carpeta hace un tiempo, y argument\u00f3 que \u201ctodos los a\u00f1os tenemos diversas dificultades producto de los incendios en nuestra Regi\u00f3n de \u00d1uble y un hecho lamentable que, distintas instituciones que tienen que estar enfocados en esa tarea, no tienen ni las herramientas ni los elementos para poder responder adecuadamente. Nosotros esperar\u00edamos que fueran los servicios a nivel nacional quienes dieran la dotaci\u00f3n suficiente y la infraestructura, los elementos y las herramienta para que los servicios puedan funcionar de manera adecuada, sin embargo, cuando eso no se da, no nos queda otra opci\u00f3n que poder aportar para que ello pueda ocurrir y los funcionarios tengan la seguridad y la ciudadan\u00eda tambi\u00e9n tenga el resguardo que estamos colocando a disposici\u00f3n todos los elementos necesarios para poder responder a la emergencia\u201d.<\/p>\n<p style=\"text-align: justify;\">Dada la experiencia de la temporada anterior, el jefe regional detall\u00f3 que \u201ccuando ocurren emergencias de estas caracter\u00edsticas hemos podido observar que las coordinaciones no son lo m\u00e1s eficiente posible porque no hay un control de mando y no hay un elemento que aglutine a las diversas instituciones. Hoy la aprobaci\u00f3n de este recurso va precisamente en esa l\u00ednea y vamos a seguir trabajando para que los funcionarios de Conaf tengan las condiciones y tambi\u00e9n la ciudadan\u00eda sepa que estamos tremendamente ocupados para poder brindar la seguridad necesaria en hechos que son lamentables y que indudablemente no nos gustar\u00eda que ocurrieran en nuestra regi\u00f3n, pero est\u00e1n presente a\u00f1o tras a\u00f1o por lo tanto tenemos que adelantarnos\u201d.<\/p>\n<p style=\"text-align: justify;\">A su\u00a0 vez, el Consejero Javier \u00c1vila, presidente de la Comisi\u00f3n de Presupuesto y Proyectos de Inversi\u00f3n puntualiz\u00f3 que \u201cen la sesi\u00f3n de hoy hemos aprobado el proyecto que permite a la CONAF adquirir tres veh\u00edculos,\u00a0 dos camionetas de intervenci\u00f3n pronta o primera intervenci\u00f3n y un veh\u00edculo con un mayor equipamiento que le permitir\u00e1 en terreno poder coordinar las acciones de los distintos organismos que en su momento est\u00e9n combatiendo un siniestro y en su defecto cuando no haya incendio, el equipamiento tambi\u00e9n le permite desarrollar\u00a0 trabajo en las distintas comunas de la regi\u00f3n como oficina m\u00f3vil\u201d.<\/p>\n<p style=\"text-align: justify;\">Control y prevenci\u00f3n<\/p>\n<p style=\"text-align: justify;\">Tambi\u00e9n se mostr\u00f3 muy agradecido, el director de Conaf \u00d1uble, Renzo Galgani, quien valor\u00f3 \u201cla capacidad que tiene el Consejo Regional, sus consejeros y el Gobernador Regional de poner un elemento tan importante en tabla porque b\u00e1sicamente, lo que entendemos es que el incendio\u00a0 forestal no diferencia ni color ni raza ni nada. Esta aprobaci\u00f3n es un beneficio compartido, poder prevenir incendios y poder atacarlos de forma inmediata y r\u00e1pida, cuando tenemos la opci\u00f3n como instituci\u00f3n de hacerlo, con equipos y equipamiento que le permita a un profesional poder brindar el\u00a0 servicio que se espera tambi\u00e9n del Estado\u201d.<\/p>\n<p style=\"text-align: justify;\">Por su parte, el jefe del Departamento Contra Incendios Forestales de Conaf \u00d1uble, Manuel Garrido, detall\u00f3 \u201ceste puesto comando m\u00f3vil va a permitir coordinar de mejor manera los recursos a\u00e9reos y terrestres en las emergencias, pero tambi\u00e9n est\u00e1 pensado en la prevenci\u00f3n, donde podemos llegar\u00a0 a distintas comunas en este veh\u00edculo adem\u00e1s de las dos camionetas de primera intervenci\u00f3n que tambi\u00e9n tienen la misma prestaci\u00f3n tanto de operaciones como de combate\u201d.<\/p>\n<p style=\"text-align: justify;\">Conaf realiza una serie de acciones que van desde el\u00a0 combate, la prevenci\u00f3n, detecci\u00f3n y avisos de incendios forestales, por lo que requiere equipos tanto para la operatividad interna de la instituci\u00f3n \u00a0como en la acci\u00f3n para enfrentar y coordinar las emergencias.<\/p>\n","protected":false},"excerpt":{"rendered":"<p>\u00d1uble, noviembre 2022: El Consejo Regional aprob\u00f3 recursos por m\u00e1s de $618 millones, que permitir\u00e1n la adquisici\u00f3n de camionetas de primera intervenci\u00f3n y un puesto de comando implementado con una central m\u00f3vil de coordinaci\u00f3n.&#46;&#46;&#46;<\/p>\n","protected":false},"author":2,"featured_media":27181,"comment_status":"closed","ping_status":"open","sticky":false,"template":"","format":"standard","meta":{"footnotes":""},"categories":[1],"tags":[192,128,1115,1678,8,6,117],"class_list":["post-27180","post","type-post","status-publish","format-standard","has-post-thumbnail","hentry","category-noticias","tag-conaf","tag-incendios-forestales","tag-noticias","tag-nuble","tag-yungay","tag-yungayino","tag-yungayinocl"],"_links":{"self":[{"href":"https:\/\/www.yungayino.cl\/noticias\/index.php?rest_route=\/wp\/v2\/posts\/27180","targetHints":{"allow":["GET"]}}],"collection":[{"href":"https:\/\/www.yungayino.cl\/noticias\/index.php?rest_route=\/wp\/v2\/posts"}],"about":[{"href":"https:\/\/www.yungayino.cl\/noticias\/index.php?rest_route=\/wp\/v2\/types\/post"}],"author":[{"embeddable":true,"href":"https:\/\/www.yungayino.cl\/noticias\/index.php?rest_route=\/wp\/v2\/users\/2"}],"replies":[{"embeddable":true,"href":"https:\/\/www.yungayino.cl\/noticias\/index.php?rest_route=%2Fwp%2Fv2%2Fcomments&post=27180"}],"version-history":[{"count":2,"href":"https:\/\/www.yungayino.cl\/noticias\/index.php?rest_route=\/wp\/v2\/posts\/27180\/revisions"}],"predecessor-version":[{"id":27183,"href":"https:\/\/www.yungayino.cl\/noticias\/index.php?rest_route=\/wp\/v2\/posts\/27180\/revisions\/27183"}],"wp:featuredmedia":[{"embeddable":true,"href":"https:\/\/www.yungayino.cl\/noticias\/index.php?rest_route=\/wp\/v2\/media\/27181"}],"wp:attachment":[{"href":"https:\/\/www.yungayino.cl\/noticias\/index.php?rest_route=%2Fwp%2Fv2%2Fmedia&parent=27180"}],"wp:term":[{"taxonomy":"category","embeddable":true,"href":"https:\/\/www.yungayino.cl\/noticias\/index.php?rest_route=%2Fwp%2Fv2%2Fcategories&post=27180"},{"taxonomy":"post_tag","embeddable":true,"href":"https:\/\/www.yungayino.cl\/noticias\/index.php?rest_route=%2Fwp%2Fv2%2Ftags&post=27180"}],"curies":[{"name":"wp","href":"https:\/\/api.w.org\/{rel}","templated":true}]}}