{"id":27209,"date":"2022-11-23T07:00:09","date_gmt":"2022-11-23T11:00:09","guid":{"rendered":"http:\/\/www.yungayino.cl\/noticias\/?p=27209"},"modified":"2022-11-24T11:04:21","modified_gmt":"2022-11-24T15:04:21","slug":"municipalidad-de-yungay-recibe-el-sello-elige-vivir-sano-por-promover-un-estilo-de-vida-saludable","status":"publish","type":"post","link":"https:\/\/www.yungayino.cl\/noticias\/?p=27209","title":{"rendered":"Municipalidad De Yungay Recibe El Sello \u00abElige Vivir Sano\u00bb Por Promover Un Estilo De Vida Saludable"},"content":{"rendered":"<p><img loading=\"lazy\" decoding=\"async\" class=\"alignnone wp-image-27210 size-full\" src=\"http:\/\/www.yungayino.cl\/noticias\/wp-content\/uploads\/2022\/11\/elije-vivir-sano.jpg\" alt=\"\" width=\"700\" height=\"350\" srcset=\"https:\/\/www.yungayino.cl\/noticias\/wp-content\/uploads\/2022\/11\/elije-vivir-sano.jpg 700w, https:\/\/www.yungayino.cl\/noticias\/wp-content\/uploads\/2022\/11\/elije-vivir-sano-300x150.jpg 300w\" sizes=\"auto, (max-width: 700px) 100vw, 700px\" \/><\/p>\n<p style=\"text-align: justify;\">Yungay, noviembre 2022: Durante los talleres de capacitaci\u00f3n del Comit\u00e9 de Promoci\u00f3n de la Salud de Yungay liderado por el Cesfam de Campanario, la seremi de Salud de \u00d1uble, Ximena Salinas, entreg\u00f3 al alcalde, Rafael Cifuentes Rodr\u00edguez, el sello \u00abElige Vivir Sano\u00bb.<\/p>\n<p style=\"text-align: justify;\">El reconocimiento es a la labor de los equipos de salud por fomentar la vida sana y las variables saludables en la poblaci\u00f3n y entre los funcionarios municipales, ratificando adem\u00e1s la implementaci\u00f3n de pol\u00edticas locales promoviendo el bienestar.<\/p>\n<p style=\"text-align: justify;\">\u00abEsto es fruto del tomar conciencia sobre la importancia de incorporar los h\u00e1bitos saludables en la vida diaria\u00bb se\u00f1al\u00f3 el alcalde, Rafael Cifuentes Rodr\u00edguez, quien destac\u00f3, adem\u00e1s, el trabajo realizado por los funcionarios de la salud el que permiti\u00f3 obtener el reconocimiento.<\/p>\n<p style=\"text-align: justify;\">\n","protected":false},"excerpt":{"rendered":"<p>Yungay, noviembre 2022: Durante los talleres de capacitaci\u00f3n del Comit\u00e9 de Promoci\u00f3n de la Salud de Yungay liderado por el Cesfam de Campanario, la seremi de Salud de \u00d1uble, Ximena Salinas, entreg\u00f3 al alcalde,&#46;&#46;&#46;<\/p>\n","protected":false},"author":2,"featured_media":27210,"comment_status":"closed","ping_status":"open","sticky":false,"template":"","format":"standard","meta":{"footnotes":""},"categories":[1],"tags":[2688,1115,1678,65,8,6,117],"class_list":["post-27209","post","type-post","status-publish","format-standard","has-post-thumbnail","hentry","category-noticias","tag-elije-vivir-sano","tag-noticias","tag-nuble","tag-salud","tag-yungay","tag-yungayino","tag-yungayinocl"],"_links":{"self":[{"href":"https:\/\/www.yungayino.cl\/noticias\/index.php?rest_route=\/wp\/v2\/posts\/27209","targetHints":{"allow":["GET"]}}],"collection":[{"href":"https:\/\/www.yungayino.cl\/noticias\/index.php?rest_route=\/wp\/v2\/posts"}],"about":[{"href":"https:\/\/www.yungayino.cl\/noticias\/index.php?rest_route=\/wp\/v2\/types\/post"}],"author":[{"embeddable":true,"href":"https:\/\/www.yungayino.cl\/noticias\/index.php?rest_route=\/wp\/v2\/users\/2"}],"replies":[{"embeddable":true,"href":"https:\/\/www.yungayino.cl\/noticias\/index.php?rest_route=%2Fwp%2Fv2%2Fcomments&post=27209"}],"version-history":[{"count":1,"href":"https:\/\/www.yungayino.cl\/noticias\/index.php?rest_route=\/wp\/v2\/posts\/27209\/revisions"}],"predecessor-version":[{"id":27211,"href":"https:\/\/www.yungayino.cl\/noticias\/index.php?rest_route=\/wp\/v2\/posts\/27209\/revisions\/27211"}],"wp:featuredmedia":[{"embeddable":true,"href":"https:\/\/www.yungayino.cl\/noticias\/index.php?rest_route=\/wp\/v2\/media\/27210"}],"wp:attachment":[{"href":"https:\/\/www.yungayino.cl\/noticias\/index.php?rest_route=%2Fwp%2Fv2%2Fmedia&parent=27209"}],"wp:term":[{"taxonomy":"category","embeddable":true,"href":"https:\/\/www.yungayino.cl\/noticias\/index.php?rest_route=%2Fwp%2Fv2%2Fcategories&post=27209"},{"taxonomy":"post_tag","embeddable":true,"href":"https:\/\/www.yungayino.cl\/noticias\/index.php?rest_route=%2Fwp%2Fv2%2Ftags&post=27209"}],"curies":[{"name":"wp","href":"https:\/\/api.w.org\/{rel}","templated":true}]}}