{"id":27212,"date":"2022-11-24T07:00:44","date_gmt":"2022-11-24T11:00:44","guid":{"rendered":"http:\/\/www.yungayino.cl\/noticias\/?p=27212"},"modified":"2022-11-25T12:42:56","modified_gmt":"2022-11-25T16:42:56","slug":"alcalde-se-reune-con-seremi-de-la-mujer-y-equidad-de-genero","status":"publish","type":"post","link":"https:\/\/www.yungayino.cl\/noticias\/?p=27212","title":{"rendered":"Alcalde Se Re\u00fane Con Seremi De La Mujer Y Equidad De G\u00e9nero"},"content":{"rendered":"<p><img loading=\"lazy\" decoding=\"async\" class=\"alignnone wp-image-27213 size-full\" src=\"http:\/\/www.yungayino.cl\/noticias\/wp-content\/uploads\/2022\/11\/seremi-mujer-en-yungay.jpg\" alt=\"\" width=\"700\" height=\"350\" srcset=\"https:\/\/www.yungayino.cl\/noticias\/wp-content\/uploads\/2022\/11\/seremi-mujer-en-yungay.jpg 700w, https:\/\/www.yungayino.cl\/noticias\/wp-content\/uploads\/2022\/11\/seremi-mujer-en-yungay-300x150.jpg 300w\" sizes=\"auto, (max-width: 700px) 100vw, 700px\" \/><\/p>\n<p style=\"text-align: justify;\">Yungay, noviembre 2022: La SEREMI de la Mujer y Equidad de G\u00e9nero de \u00d1uble, Cristina Mart\u00edn, visit\u00f3 Yungay y particip\u00f3 de una reuni\u00f3n con el alcalde, Rafael Cifuentes Rodr\u00edguez junto a las concejalas de la comuna, Berta Cid y Patricia Moncada, y el equipo del programa Mujeres Jefas de Hogar para conocer las diferentes problem\u00e1ticas del \u00e1rea en nuestra comuna.<\/p>\n<p style=\"text-align: justify;\">En la instancia, el alcalde aprovech\u00f3 la oportunidad de solicitar a la seremi la posibilidad de instalar el Centro de la Mujer en Yungay, una instituci\u00f3n que ofrece orientaci\u00f3n, informaci\u00f3n y apoyo para las mujeres que viven o han sufrido violencia de g\u00e9nero en contexto de pareja o expareja, adem\u00e1s de atenciones psicol\u00f3gicas, sociales y jur\u00eddicas.<\/p>\n<p style=\"text-align: justify;\">\n","protected":false},"excerpt":{"rendered":"<p>Yungay, noviembre 2022: La SEREMI de la Mujer y Equidad de G\u00e9nero de \u00d1uble, Cristina Mart\u00edn, visit\u00f3 Yungay y particip\u00f3 de una reuni\u00f3n con el alcalde, Rafael Cifuentes Rodr\u00edguez junto a las concejalas de&#46;&#46;&#46;<\/p>\n","protected":false},"author":2,"featured_media":27213,"comment_status":"closed","ping_status":"open","sticky":false,"template":"","format":"standard","meta":{"footnotes":""},"categories":[1],"tags":[1115,2689,8,6,117],"class_list":["post-27212","post","type-post","status-publish","format-standard","has-post-thumbnail","hentry","category-noticias","tag-noticias","tag-seremi-mujer-y-equidad-de-genero","tag-yungay","tag-yungayino","tag-yungayinocl"],"_links":{"self":[{"href":"https:\/\/www.yungayino.cl\/noticias\/index.php?rest_route=\/wp\/v2\/posts\/27212","targetHints":{"allow":["GET"]}}],"collection":[{"href":"https:\/\/www.yungayino.cl\/noticias\/index.php?rest_route=\/wp\/v2\/posts"}],"about":[{"href":"https:\/\/www.yungayino.cl\/noticias\/index.php?rest_route=\/wp\/v2\/types\/post"}],"author":[{"embeddable":true,"href":"https:\/\/www.yungayino.cl\/noticias\/index.php?rest_route=\/wp\/v2\/users\/2"}],"replies":[{"embeddable":true,"href":"https:\/\/www.yungayino.cl\/noticias\/index.php?rest_route=%2Fwp%2Fv2%2Fcomments&post=27212"}],"version-history":[{"count":1,"href":"https:\/\/www.yungayino.cl\/noticias\/index.php?rest_route=\/wp\/v2\/posts\/27212\/revisions"}],"predecessor-version":[{"id":27214,"href":"https:\/\/www.yungayino.cl\/noticias\/index.php?rest_route=\/wp\/v2\/posts\/27212\/revisions\/27214"}],"wp:featuredmedia":[{"embeddable":true,"href":"https:\/\/www.yungayino.cl\/noticias\/index.php?rest_route=\/wp\/v2\/media\/27213"}],"wp:attachment":[{"href":"https:\/\/www.yungayino.cl\/noticias\/index.php?rest_route=%2Fwp%2Fv2%2Fmedia&parent=27212"}],"wp:term":[{"taxonomy":"category","embeddable":true,"href":"https:\/\/www.yungayino.cl\/noticias\/index.php?rest_route=%2Fwp%2Fv2%2Fcategories&post=27212"},{"taxonomy":"post_tag","embeddable":true,"href":"https:\/\/www.yungayino.cl\/noticias\/index.php?rest_route=%2Fwp%2Fv2%2Ftags&post=27212"}],"curies":[{"name":"wp","href":"https:\/\/api.w.org\/{rel}","templated":true}]}}