{"id":2728,"date":"2010-01-06T17:00:38","date_gmt":"2010-01-06T21:00:38","guid":{"rendered":"http:\/\/www.yungayino.cl\/noticias\/?p=2728"},"modified":"2010-01-07T20:47:22","modified_gmt":"2010-01-08T00:47:22","slug":"ceremonia-de-inauguracion-de-radios-transmisores-en-el-sector-cordillerano-de-yungay-programa-comunas-vulnerables","status":"publish","type":"post","link":"https:\/\/www.yungayino.cl\/noticias\/?p=2728","title":{"rendered":"Ceremonia de Inauguraci\u00f3n de Radios Transmisores en el Sector Cordillerano de Yungay, Programa Comunas Vulnerables"},"content":{"rendered":"<p><img decoding=\"async\" src=\"http:\/\/www.yungayino.cl\/imagenes\/radiostransmisores.jpg\" alt=\"Ceremonia de Inauguraci\u00f3n de Radios Transmisores en el Sector Cordillerano de Yungay, Programa Comunas Vulnerables\" \/><\/p>\n<p align=\"justify\"><font size=\"2\">Yungay, 06 de enero 2010 a las 11:00 horas en la Posta de San Antonio, Sector Cordillerano de Yungay se dio inicio a la inauguraci\u00f3n de las Radios Transmisores que favorecer\u00e1 a 295 familias de los Sectores El Avellano, Los Mayos, Ranchillo, San Antonio, Los Laureles y Santa Luc\u00eda Alto y Bajo, el monto de inversi\u00f3n ascendi\u00f3 a $9.200.000, siendo parte del Programa de Comunas Vulnerables donde Yungay fue seleccionado dentro de las 92 comunas de nuestro pa\u00eds. Esta importante ceremonia ayudara a mejorar la cobertura de la antena municipal existente, lo que favorecer\u00e1 a las familias para acceder a informaci\u00f3n sobre beneficios de salud y programas sociales, ya que en la actualidad  no se contaba con cobertura celular y de radio transmisi\u00f3n lo que manten\u00eda aislados a todos estos sectores cordilleranos de nuestra comuna. La ceremonia cont\u00f3 con la presencia del alcalde Pedro Inostroza, Dr. Giancarlo Gabarino; Delegado Provincia de \u00d1uble de la SEREMI de Salud regi\u00f3n del Bio-Bio, Mar\u00eda Ester P\u00e9rez; encargada provincial promoci\u00f3n y participaci\u00f3n Social Delegaci\u00f3n \u00d1uble, SEREMI de Salud, Carina Roco; Coordinadora provincia de \u00d1uble Programa Comunas Vulnerables, Marcela Castro; jefa Departamento de Desarrollo de las personas Servicio Salud \u00d1uble, Susana Y\u00e1\u00f1ez; Directora Hospital Pedro Morales de Yungay, Evelyn Villa; jefa Departamento de Salud de Yungay, John Cornejo; Comisario de la cuarta comisar\u00eda de Carabineros de Yungay y vecinos de los sectores cordilleranos anteriormente mencionados.<br \/>\n<a href=\"http:\/\/www.yungayino.cl\/noticias\/?p=2728#comments\">Comente Aqu\u00ed<\/a><br \/>\n<a href=\"http:\/\/www.yungayino.cl\/noticias\/?p=1472\">M\u00e1s Informaci\u00f3n<\/a><br \/>\n<a href=\"http:\/\/www.flickr.com\/photos\/45693900@N02\/tags\/radiostransmisores\/\">Fotograf\u00edas<\/a><\/font><\/p>\n","protected":false},"excerpt":{"rendered":"<p>Yungay, 06 de enero 2010 a las 11:00 horas en la Posta de San Antonio, Sector Cordillerano de Yungay se dio inicio a la inauguraci\u00f3n de las Radios Transmisores que favorecer\u00e1 a 295 familias&#46;&#46;&#46;<\/p>\n","protected":false},"author":2,"featured_media":15200,"comment_status":"open","ping_status":"open","sticky":false,"template":"","format":"standard","meta":{"footnotes":""},"categories":[1],"tags":[1115,8,6],"class_list":["post-2728","post","type-post","status-publish","format-standard","has-post-thumbnail","hentry","category-noticias","tag-noticias","tag-yungay","tag-yungayino"],"_links":{"self":[{"href":"https:\/\/www.yungayino.cl\/noticias\/index.php?rest_route=\/wp\/v2\/posts\/2728","targetHints":{"allow":["GET"]}}],"collection":[{"href":"https:\/\/www.yungayino.cl\/noticias\/index.php?rest_route=\/wp\/v2\/posts"}],"about":[{"href":"https:\/\/www.yungayino.cl\/noticias\/index.php?rest_route=\/wp\/v2\/types\/post"}],"author":[{"embeddable":true,"href":"https:\/\/www.yungayino.cl\/noticias\/index.php?rest_route=\/wp\/v2\/users\/2"}],"replies":[{"embeddable":true,"href":"https:\/\/www.yungayino.cl\/noticias\/index.php?rest_route=%2Fwp%2Fv2%2Fcomments&post=2728"}],"version-history":[{"count":10,"href":"https:\/\/www.yungayino.cl\/noticias\/index.php?rest_route=\/wp\/v2\/posts\/2728\/revisions"}],"predecessor-version":[{"id":2766,"href":"https:\/\/www.yungayino.cl\/noticias\/index.php?rest_route=\/wp\/v2\/posts\/2728\/revisions\/2766"}],"wp:featuredmedia":[{"embeddable":true,"href":"https:\/\/www.yungayino.cl\/noticias\/index.php?rest_route=\/wp\/v2\/media\/15200"}],"wp:attachment":[{"href":"https:\/\/www.yungayino.cl\/noticias\/index.php?rest_route=%2Fwp%2Fv2%2Fmedia&parent=2728"}],"wp:term":[{"taxonomy":"category","embeddable":true,"href":"https:\/\/www.yungayino.cl\/noticias\/index.php?rest_route=%2Fwp%2Fv2%2Fcategories&post=2728"},{"taxonomy":"post_tag","embeddable":true,"href":"https:\/\/www.yungayino.cl\/noticias\/index.php?rest_route=%2Fwp%2Fv2%2Ftags&post=2728"}],"curies":[{"name":"wp","href":"https:\/\/api.w.org\/{rel}","templated":true}]}}