{"id":27322,"date":"2022-12-09T07:00:03","date_gmt":"2022-12-09T11:00:03","guid":{"rendered":"http:\/\/www.yungayino.cl\/noticias\/?p=27322"},"modified":"2022-12-05T19:20:36","modified_gmt":"2022-12-05T23:20:36","slug":"gobernador-crisostomo-anuncia-estrategia-de-seguridad-nuble-mas-seguro","status":"publish","type":"post","link":"https:\/\/www.yungayino.cl\/noticias\/?p=27322","title":{"rendered":"Gobernador Cris\u00f3stomo Anuncia Estrategia de Seguridad \u201c\u00d1uble M\u00e1s Seguro\u201d"},"content":{"rendered":"<p><img loading=\"lazy\" decoding=\"async\" class=\"alignnone wp-image-27323 size-full\" src=\"http:\/\/www.yungayino.cl\/noticias\/wp-content\/uploads\/2022\/12\/nuble-mas-seguro.jpg\" alt=\"\" width=\"700\" height=\"351\" srcset=\"https:\/\/www.yungayino.cl\/noticias\/wp-content\/uploads\/2022\/12\/nuble-mas-seguro.jpg 700w, https:\/\/www.yungayino.cl\/noticias\/wp-content\/uploads\/2022\/12\/nuble-mas-seguro-300x150.jpg 300w, https:\/\/www.yungayino.cl\/noticias\/wp-content\/uploads\/2022\/12\/nuble-mas-seguro-299x150.jpg 299w\" sizes=\"auto, (max-width: 700px) 100vw, 700px\" \/><\/p>\n<p style=\"text-align: justify;\">\u00d1uble, diciembre 2022: El ex jefe regional de la Polic\u00eda de Investigaciones, Juan Carlos Carrasco, asumir\u00e1 la coordinaci\u00f3n de la Oficina Regional de Seguridad y tendr\u00e1 la misi\u00f3n de implementar el plan de acci\u00f3n que incluye el futuro Centro Integrado de Emergencia y Seguridad.<\/p>\n<p style=\"text-align: justify;\"><strong>\u00d1uble M\u00e1s Seguro<\/strong> es el nombre de la estrategia de seguridad p\u00fablica, que present\u00f3 el Gobernador Regional, \u00d3scar Cris\u00f3stomo, y que considera cuatro l\u00edneas que ser\u00e1n implementadas por el encargado de la reci\u00e9n creada Oficina Regional de Seguridad, el ex Jefe de la Regi\u00f3n Policial de \u00d1uble, Juan Carlos Carrasco.<\/p>\n<p style=\"text-align: justify;\">La nueva unidad liderar\u00e1, desde el Gobierno Regional, las materias que permitan disminuir la percepci\u00f3n de inseguridad en \u00d1uble. Para ello se fij\u00f3 como misi\u00f3n coordinar la inversi\u00f3n regional en seguridad; trabajar de la mano de las comunas atendiendo sus requerimientos en la materia; otorgar protecci\u00f3n al comercio y otros rubros productivos de la regi\u00f3n e implementar a futuro el Centro Integrado de Emergencia y Seguridad.<\/p>\n<p style=\"text-align: justify;\">Los resultados de la \u00faltima Encuesta Nacional Urbana de Seguridad Ciudadana, confirman que la principal preocupaci\u00f3n que tiene la ciudadan\u00eda es la seguridad, explic\u00f3 el Gobernador Cris\u00f3stomo por eso \u201chemos decidido iniciar un nuevo proceso y un nuevo ciclo en nuestra Regi\u00f3n de \u00d1uble. Es por ello, que todos los gobernadores y gobernadoras regionales hemos, por un lado, pedido un pacto por la seguridad y tambi\u00e9n tener mayor injerencia, sobre todo en materias de prevenci\u00f3n del delito. Como primeras autoridades de cada una de las regiones, no podemos estar ajenas y no podemos no tener injerencia en materia de prevenci\u00f3n, sobre todo, atendiendo a la alta inversi\u00f3n p\u00fablica que hacen los gobiernos regionales\u201d.<\/p>\n<p style=\"text-align: justify;\">La inversi\u00f3n de los gobiernos regionales en materia de seguridad a nivel pa\u00eds, alcanza los 308 mil millones y en la Regi\u00f3n de \u00d1uble supera los 20 mil millones, que se traducen en infraestructura y elementos de apoyo para las polic\u00edas e iniciativas presentadas por instituciones u organizaciones sociales a las Subvenciones del 7%.<\/p>\n<p style=\"text-align: justify;\"><strong><u>\u00d1uble M\u00e1s Seguro<\/u><\/strong><\/p>\n<p style=\"text-align: justify;\">Al respecto Cris\u00f3stomo asegur\u00f3 que \u201cno solamente avanzaremos en materia de inversi\u00f3n en seguridad, sino que tendremos una directriz m\u00e1s clara hacia d\u00f3nde el Gobierno Regional tiene que conducir su trabajo y cu\u00e1l va a ser la pol\u00edtica regional en esta materia, particularmente en prevenci\u00f3n del delito. Es por eso que queremos anunciar la creaci\u00f3n del programa \u00d1uble M\u00e1s Seguro\u201d.<\/p>\n<p style=\"text-align: justify;\">El jefe regional detall\u00f3 que \u201ceste programa va a tener lineamientos muy claros, la primera es la coordinaci\u00f3n de la inversi\u00f3n regional en materia de seguridad p\u00fablica, es decir, vamos a tener un lineamiento hacia d\u00f3nde direccionar los recursos y no solamente ser receptores de solicitudes.\u00a0 Creemos que tenemos que saber focalizar de mejor manera este trabajo, tambi\u00e9n atendiendo los requerimientos comunales de cada una de las 21 comunas y tener una estrategia mancomunada con los alcaldes de cada una de las comunas de nuestra Regi\u00f3n de \u00d1uble\u201d.<\/p>\n<p style=\"text-align: justify;\">Adicionalmente, explic\u00f3 Cris\u00f3stomo, \u201cvamos a iniciar un trabajo coordinado con el \u00e1rea del comercio, donde estamos disponibles para poder apoyar diversas iniciativas y tambi\u00e9n tener un foco de intervenci\u00f3n mucho m\u00e1s claro, que est\u00e9 asociado a mayor seguridad y mayor inversi\u00f3n tambi\u00e9n en tecnolog\u00eda. Por \u00faltimo, tal como lo hemos anunciado hace varios meses atr\u00e1s, hoy ya estamos trabajando en el Centro Integral de Emergencia y Seguridad, que va a convertirse en el epicentro de toma de decisiones de la Regi\u00f3n de \u00d1uble, donde estar\u00e1n incorporadas distintas instituciones, desde instituciones de seguridad, de emergencia, salud y bomberos; para que podamos trabajar hacia la implementaci\u00f3n del n\u00famero \u00fanico que tendr\u00e1 nuestra Regi\u00f3n. Esperamos en las pr\u00f3ximas semanas firmar un convenio con la Ciudad Aut\u00f3noma de Buenos Aires, donde ya tuvimos un primer acercamiento para poder ver c\u00f3mo est\u00e1 funcionando el modelo. De la misma manera que vimos el modelo c\u00f3mo est\u00e1 funcionando en Espa\u00f1a, donde existe un solo eje articulador de trabajo conjunto entre todas las instituciones que coordinan la emergencia en el m\u00e1s amplio \u00e1mbito de acci\u00f3n\u201d.<\/p>\n<p style=\"text-align: justify;\">En su presentaci\u00f3n, Juan Carlos Carrasco, declar\u00f3 sentirse honrado con el nombramiento y se\u00f1al\u00f3 que como ex Polic\u00eda de Investigaciones, con una\u00a0 experiencia de m\u00e1s de 33 a\u00f1os, \u201cquiero colocarla al servicio de la regi\u00f3n, principalmente de los m\u00e1s vulnerables, de la gente que es afectada, de las v\u00edctimas y para de esta manera, impulsar acciones concretas que permitan gestionar los recursos de inversi\u00f3n que podamos nosotros tener ac\u00e1 en la regi\u00f3n y poderle dar una finalidad que, de esta forma, podamos mejorar la calidad de vida a las personas en la regi\u00f3n, la libertad, que se sientan seguros ac\u00e1 en la regi\u00f3n, pero eso tiene que ir enfocado principalmente con un eje central que es la buena administraci\u00f3n de los recursos a nivel a nivel regional y comunal\u201d.<\/p>\n<p style=\"text-align: justify;\">La seguridad es uno de los temas m\u00e1s sensibles para la comunidad, seg\u00fan la \u00faltima Encuesta Nacional Urbana de Seguridad Ciudadana (ENUSC), existe una percepci\u00f3n ciudadana de aumento de la delincuencia en las zonas urbanas de \u00d1uble. Adem\u00e1s, se registra un aumento en la percepci\u00f3n de victimizaci\u00f3n en los hogares urbanos y un descenso en la tasa de victimizaci\u00f3n entre los a\u00f1os 2020 y 2022.<\/p>\n","protected":false},"excerpt":{"rendered":"<p>\u00d1uble, diciembre 2022: El ex jefe regional de la Polic\u00eda de Investigaciones, Juan Carlos Carrasco, asumir\u00e1 la coordinaci\u00f3n de la Oficina Regional de Seguridad y tendr\u00e1 la misi\u00f3n de implementar el plan de acci\u00f3n&#46;&#46;&#46;<\/p>\n","protected":false},"author":2,"featured_media":27323,"comment_status":"closed","ping_status":"open","sticky":false,"template":"","format":"standard","meta":{"footnotes":""},"categories":[1],"tags":[1115,1678,8,6,117],"class_list":["post-27322","post","type-post","status-publish","format-standard","has-post-thumbnail","hentry","category-noticias","tag-noticias","tag-nuble","tag-yungay","tag-yungayino","tag-yungayinocl"],"_links":{"self":[{"href":"https:\/\/www.yungayino.cl\/noticias\/index.php?rest_route=\/wp\/v2\/posts\/27322","targetHints":{"allow":["GET"]}}],"collection":[{"href":"https:\/\/www.yungayino.cl\/noticias\/index.php?rest_route=\/wp\/v2\/posts"}],"about":[{"href":"https:\/\/www.yungayino.cl\/noticias\/index.php?rest_route=\/wp\/v2\/types\/post"}],"author":[{"embeddable":true,"href":"https:\/\/www.yungayino.cl\/noticias\/index.php?rest_route=\/wp\/v2\/users\/2"}],"replies":[{"embeddable":true,"href":"https:\/\/www.yungayino.cl\/noticias\/index.php?rest_route=%2Fwp%2Fv2%2Fcomments&post=27322"}],"version-history":[{"count":2,"href":"https:\/\/www.yungayino.cl\/noticias\/index.php?rest_route=\/wp\/v2\/posts\/27322\/revisions"}],"predecessor-version":[{"id":27325,"href":"https:\/\/www.yungayino.cl\/noticias\/index.php?rest_route=\/wp\/v2\/posts\/27322\/revisions\/27325"}],"wp:featuredmedia":[{"embeddable":true,"href":"https:\/\/www.yungayino.cl\/noticias\/index.php?rest_route=\/wp\/v2\/media\/27323"}],"wp:attachment":[{"href":"https:\/\/www.yungayino.cl\/noticias\/index.php?rest_route=%2Fwp%2Fv2%2Fmedia&parent=27322"}],"wp:term":[{"taxonomy":"category","embeddable":true,"href":"https:\/\/www.yungayino.cl\/noticias\/index.php?rest_route=%2Fwp%2Fv2%2Fcategories&post=27322"},{"taxonomy":"post_tag","embeddable":true,"href":"https:\/\/www.yungayino.cl\/noticias\/index.php?rest_route=%2Fwp%2Fv2%2Ftags&post=27322"}],"curies":[{"name":"wp","href":"https:\/\/api.w.org\/{rel}","templated":true}]}}