{"id":27326,"date":"2022-12-10T07:00:49","date_gmt":"2022-12-10T11:00:49","guid":{"rendered":"http:\/\/www.yungayino.cl\/noticias\/?p=27326"},"modified":"2022-12-05T19:22:52","modified_gmt":"2022-12-05T23:22:52","slug":"obras-de-nuevo-hospital-regional-alcanzan-un-48-de-avance","status":"publish","type":"post","link":"https:\/\/www.yungayino.cl\/noticias\/?p=27326","title":{"rendered":"Obras de Nuevo Hospital Regional Alcanzan un 48% de Avance"},"content":{"rendered":"<p><img loading=\"lazy\" decoding=\"async\" class=\"alignnone wp-image-27327 size-full\" src=\"http:\/\/www.yungayino.cl\/noticias\/wp-content\/uploads\/2022\/12\/Nuevo-Hospital-Regional.jpg\" alt=\"\" width=\"700\" height=\"350\" srcset=\"https:\/\/www.yungayino.cl\/noticias\/wp-content\/uploads\/2022\/12\/Nuevo-Hospital-Regional.jpg 700w, https:\/\/www.yungayino.cl\/noticias\/wp-content\/uploads\/2022\/12\/Nuevo-Hospital-Regional-300x150.jpg 300w\" sizes=\"auto, (max-width: 700px) 100vw, 700px\" \/><\/p>\n<p style=\"text-align: justify;\">Chill\u00e1n, diciembre 2022: Delegado Presidencial de \u00d1uble, junto a la Directora (s) del Servicio de Salud, la Directora (s) del Hospital de Chill\u00e1n, y usuarios del Cesfam de Pinto, constataron en terreno el progreso de la construcci\u00f3n del que ser\u00e1 el principal recinto hospitalario de \u00d1uble.<\/p>\n<p style=\"text-align: justify;\">A toda m\u00e1quina contin\u00faan las obras de construcci\u00f3n del Nuevo Hospital Regional de \u00d1uble, las cuales, comenzando el \u00faltimo mes del a\u00f1o, ya presentan un 48% de avance. Obras recorridas por autoridades y vecinos de Pinto, quienes constataron el desarrollo del proyecto m\u00e1s importante de la Regi\u00f3n.<\/p>\n<p style=\"text-align: justify;\">La visita guiada por los profesionales a cargo, se desarroll\u00f3 por las principales torres y niveles donde se emplazar\u00e1 este establecimiento de salud de primer nivel, y que contar\u00e1 con m\u00e1s resolutividad, tecnolog\u00eda y especialidades.<\/p>\n<p style=\"text-align: justify;\">\u201cHoy nos encontramos en lo que ser\u00e1 nuestro futuro Hospital Regional, junto al Delegado Presidencial, a la Directora del Hospital de Chill\u00e1n y a la comunidad, donde pudimos constatar este ya casi 50% de avance que lleva la ejecuci\u00f3n de este gran proyecto que poco a poco se hace realidad para nuestros usuarios y usuarias\u201d, destac\u00f3 la Directora (s) del Servicio de Salud \u00d1uble (SS\u00d1), Elizabeth Abarca Trivi\u00f1o.<\/p>\n<p style=\"text-align: justify;\">La directiva a su vez enfatiz\u00f3 que \u201cson m\u00e1s de 700 personas las que laboran ac\u00e1 d\u00eda a d\u00eda, para poder sacar adelante la obra m\u00e1s importante de nuestra regi\u00f3n. Hoy, adem\u00e1s, estuvimos con las y los vecinos de Pinto, recorriendo estas instalaciones, constatando en terreno c\u00f3mo se lleva a cabo este proyecto y tambi\u00e9n revisando aquellas \u00e1reas que son las m\u00e1s prioritarias, demandadas, y ver c\u00f3mo se va configurando nuestra red asistencial en funci\u00f3n de esta gran obra\u201d.<\/p>\n<p style=\"text-align: justify;\">Por su parte, el Delegado Presidencial Regional, Gabriel Pradenas Sandoval, se\u00f1al\u00f3 que \u201cdestacar que esta es una de las inversiones m\u00e1s importantes que tenemos en la Regi\u00f3n de \u00d1uble. Por supuesto estamos muy interesados en que este proyecto siga prosperando, porque el Hospital Regional es una obra que espera toda la comunidad. Reconocer la impronta y la invitaci\u00f3n de las Directoras del Servicio de Salud \u00d1uble y el Hospital de Chill\u00e1n, con quienes realizamos el recorrido y hemos visto cada una de las instalaciones de los puntos m\u00e1s cr\u00edticos, por lo que estamos muy expectantes de su puesta en marcha\u201d.<\/p>\n<p style=\"text-align: justify;\">Un importante hito, destacado por la Directora (s) del Hospital Herminda Mart\u00edn, Dra. Luz Mor\u00e1n Ib\u00e1\u00f1ez, quien recalc\u00f3 que \u201cnuevamente vinimos a ver el progreso del nuevo hospital, junto a la comunidad de Pinto, lo que fue muy gratificante. La verdad que venirnos a la nueva casa y ver c\u00f3mo va creciendo, donde los espacios son mucho m\u00e1s amplios, con una fachada que ya est\u00e1 lista, ser\u00e1 una instancia fant\u00e1stica, por lo que estamos esperando que luego nos podamos trasladar. Los vecinos de Pinto se van muy contentos, ya que ellos tambi\u00e9n son beneficiarios y har\u00e1n uso de este recinto\u201d.<\/p>\n<p style=\"text-align: justify;\"><strong>Un avance para toda la Regi\u00f3n<\/strong><\/p>\n<p style=\"text-align: justify;\">Para Ricardo Dur\u00e1n, representante Consejo de Desarrollo del Cesfam de Pinto, esta es una gran oportunidad. \u201cAgradecer al Servicio de Salud y al Delegado Presidencial por esta invitaci\u00f3n tan importante para conocer las instalaciones del Nuevo Hospital Regional. Una obra muy anhelada por la gente de nuestra regi\u00f3n, sobre todo de quienes vivimos en zonas m\u00e1s apartadas, ya que viene a contribuir y dar una soluci\u00f3n tremendamente grande, en cuanto a lo que son las especialidades y la atenci\u00f3n. Nos hemos dado cuenta, en el recorrido que hicimos, que las instalaciones son bastantes adecuadas, donde lo que me llam\u00f3 mucho la atenci\u00f3n es que en el proyecto se haya incorporado un helipuerto. Para m\u00ed es un honor haber acompa\u00f1ado a todos mis colegas de la comuna de Pinto, ya que cada uno de ellos pertenece a alguna organizaci\u00f3n social, por lo que nos vamos contentos, ya que son acciones que no se dan todos los d\u00edas\u201d, enfatiz\u00f3.<\/p>\n<p style=\"text-align: justify;\">Las obras del Nuevo Hospital Regional de \u00d1uble est\u00e1n proyectadas para que finalicen a fines del a\u00f1o 2024, estando actualmente en las terminaciones de la fachada, hacia calle O\u2019Higgins, y con al menos un 90% de la estructuraci\u00f3n de la tabiquer\u00eda interior terminada. Asimismo, se trabaja fuertemente en tener completamente impermeabilizado el edificio para el pr\u00f3ximo invierno.<\/p>\n","protected":false},"excerpt":{"rendered":"<p>Chill\u00e1n, diciembre 2022: Delegado Presidencial de \u00d1uble, junto a la Directora (s) del Servicio de Salud, la Directora (s) del Hospital de Chill\u00e1n, y usuarios del Cesfam de Pinto, constataron en terreno el progreso&#46;&#46;&#46;<\/p>\n","protected":false},"author":2,"featured_media":27327,"comment_status":"closed","ping_status":"open","sticky":false,"template":"","format":"standard","meta":{"footnotes":""},"categories":[1,1676],"tags":[84,1115,1678,65,8,6,117],"class_list":["post-27326","post","type-post","status-publish","format-standard","has-post-thumbnail","hentry","category-noticias","category-salud","tag-hospital","tag-noticias","tag-nuble","tag-salud","tag-yungay","tag-yungayino","tag-yungayinocl"],"_links":{"self":[{"href":"https:\/\/www.yungayino.cl\/noticias\/index.php?rest_route=\/wp\/v2\/posts\/27326","targetHints":{"allow":["GET"]}}],"collection":[{"href":"https:\/\/www.yungayino.cl\/noticias\/index.php?rest_route=\/wp\/v2\/posts"}],"about":[{"href":"https:\/\/www.yungayino.cl\/noticias\/index.php?rest_route=\/wp\/v2\/types\/post"}],"author":[{"embeddable":true,"href":"https:\/\/www.yungayino.cl\/noticias\/index.php?rest_route=\/wp\/v2\/users\/2"}],"replies":[{"embeddable":true,"href":"https:\/\/www.yungayino.cl\/noticias\/index.php?rest_route=%2Fwp%2Fv2%2Fcomments&post=27326"}],"version-history":[{"count":2,"href":"https:\/\/www.yungayino.cl\/noticias\/index.php?rest_route=\/wp\/v2\/posts\/27326\/revisions"}],"predecessor-version":[{"id":27329,"href":"https:\/\/www.yungayino.cl\/noticias\/index.php?rest_route=\/wp\/v2\/posts\/27326\/revisions\/27329"}],"wp:featuredmedia":[{"embeddable":true,"href":"https:\/\/www.yungayino.cl\/noticias\/index.php?rest_route=\/wp\/v2\/media\/27327"}],"wp:attachment":[{"href":"https:\/\/www.yungayino.cl\/noticias\/index.php?rest_route=%2Fwp%2Fv2%2Fmedia&parent=27326"}],"wp:term":[{"taxonomy":"category","embeddable":true,"href":"https:\/\/www.yungayino.cl\/noticias\/index.php?rest_route=%2Fwp%2Fv2%2Fcategories&post=27326"},{"taxonomy":"post_tag","embeddable":true,"href":"https:\/\/www.yungayino.cl\/noticias\/index.php?rest_route=%2Fwp%2Fv2%2Ftags&post=27326"}],"curies":[{"name":"wp","href":"https:\/\/api.w.org\/{rel}","templated":true}]}}