{"id":27330,"date":"2022-12-11T07:00:06","date_gmt":"2022-12-11T11:00:06","guid":{"rendered":"http:\/\/www.yungayino.cl\/noticias\/?p=27330"},"modified":"2022-12-05T19:24:42","modified_gmt":"2022-12-05T23:24:42","slug":"convenio-de-colaboracion-indap-sag-permite-cruzamiento-de-informacion-entre-los-servicios","status":"publish","type":"post","link":"https:\/\/www.yungayino.cl\/noticias\/?p=27330","title":{"rendered":"Convenio de Colaboraci\u00f3n INDAP-SAG Permite Cruzamiento de Informaci\u00f3n Entre los Servicios"},"content":{"rendered":"<p><img loading=\"lazy\" decoding=\"async\" class=\"alignnone wp-image-27331 size-full\" src=\"http:\/\/www.yungayino.cl\/noticias\/wp-content\/uploads\/2022\/12\/convenio-sag-indap.jpg\" alt=\"\" width=\"700\" height=\"350\" srcset=\"https:\/\/www.yungayino.cl\/noticias\/wp-content\/uploads\/2022\/12\/convenio-sag-indap.jpg 700w, https:\/\/www.yungayino.cl\/noticias\/wp-content\/uploads\/2022\/12\/convenio-sag-indap-300x150.jpg 300w\" sizes=\"auto, (max-width: 700px) 100vw, 700px\" \/><\/p>\n<p style=\"text-align: justify;\">Diciembre 2022: El acuerdo ya rindi\u00f3 sus frutos al permitir r\u00e1pido cruzamiento de datos entre los dos servicios para el apoyo de los afectados por el nem\u00e1todo de la frutilla<\/p>\n<p style=\"text-align: justify;\">Un r\u00e1pido desarrollo para apoyar a los productores INDAP afectados por la emergencia del nem\u00e1todo de la frutilla pudo realizarse gracias al cruzamiento de informaci\u00f3n con el Servicio Agr\u00edcola y Ganadero de la regi\u00f3n de \u00d1uble.<\/p>\n<p style=\"text-align: justify;\">En la regi\u00f3n, los productores de frutillas pertenecientes a la Agricultura Familiar Campesina son 459 y los que compraron plantas en el vivero que present\u00f3 el brote de nem\u00e1todos son 256. Debido a la restricci\u00f3n que impone la ley de protecci\u00f3n de datos personales, para entregar apoyo a los agricultores afectados, normalmente se habr\u00eda encuestado a los productores para llegar a determinar qui\u00e9nes est\u00e1n afectados, pero al hacer el cruzamiento de datos con SAG, que tiene el registro de los productores que resultaron positivos, se logr\u00f3 llegar r\u00e1pidamente a un total de 48 usuarios afectados. \u201cEl dato clave aqu\u00ed es la positividad, que a trav\u00e9s del traspaso de informaci\u00f3n nos permiti\u00f3 focalizar el incentivo en lo prioritario hoy d\u00eda, que son los usuarios que efectivamente est\u00e1n siendo afectados por este nem\u00e1todo y est\u00e1n declarados por el SAG, por lo que al focalizarlos de manera r\u00e1pida, podemos llegar a los usuarios afectados de manera oportuna\u201d indic\u00f3 Alejandro Lagos, jefe de Fomento de INDAP \u00d1uble.<\/p>\n<p style=\"text-align: justify;\"><strong>CONVENIO<\/strong><\/p>\n<p style=\"text-align: justify;\">El \u00a0convenio de colaboraci\u00f3n para la consolidaci\u00f3n de informaci\u00f3n de informaci\u00f3n productiva agropecuaria que firmaron INDAP y SAG, fomentar\u00e1 la vinculaci\u00f3n entre ambas instituciones mediante la participaci\u00f3n en actividades de extensi\u00f3n de com\u00fan inter\u00e9s para los productores agr\u00edcolas, con especial atenci\u00f3n en aquellos pertenecientes a la Agricultura Familiar Campesina. El convenio adem\u00e1s, permite compartir informaci\u00f3n de car\u00e1cter productivo de los agricultores de la Regi\u00f3n de \u00d1uble referidas a las competencias de cada servicio, con el fin de contar con informaci\u00f3n consolidada para la creaci\u00f3n y aplicaci\u00f3n de mejores pol\u00edticas p\u00fablicas.<\/p>\n<p style=\"text-align: justify;\">\u201cEsto es muy necesario para ambos servicios, nos permite trabajar en conjunto, retroalimentarnos, al compartir informaci\u00f3n respecto de los diversos programas que los servicios ejecutan. Estamos sobrecargados de consultas, por ejemplo, en suelos, donde ambos servicios tenemos el programa y tenemos que hacer el cruce de bases de datos, por lo que este convenio nos permite simplificar en la forma y el fondo c\u00f3mo vamos a trabajar\u201d, indic\u00f3 el director (s) de INDAP \u00d1uble, Luis Garc\u00eda. \u201cVamos a retroalimentarnos con la informaci\u00f3n que tenemos y la idea es llegar con un mejor producto a los agricultores y de forma m\u00e1s r\u00e1pida\u201d, coment\u00f3.<\/p>\n<p style=\"text-align: justify;\">\u201cEs muy beneficioso para los dos servicios y vamos a tener muchos frutos a futuro\u201d, destac\u00f3 la directora (s) de SAG \u00d1uble, Gloria Cuevas. \u201cYa hemos comenzado con las emergencias sanitarias que se nos han presentado, partimos con las frutillas, as\u00ed que ya hemos empezado a transmitirnos informaci\u00f3n. Lo que nos corresponde como servicios del agro es estar unidos, coordinados, tanto para la Agricultura Familiar Campesina y lo que podamos aportar como servicio, as\u00ed como de las plagas y enfermedades presentes, nuestros registros est\u00e1n a su disposici\u00f3n, en lo pecuario, agr\u00edcola y exportaciones\u201d.<\/p>\n<p style=\"text-align: justify;\">\u201cOportunidad, precisi\u00f3n y calidad son los conceptos importantes aqu\u00ed\u201d, indic\u00f3 el seremi de Agricultura, C\u00e9sar Rodr\u00edguez. \u201cOportunidad para responder con la premura necesaria, especialmente importante para los que trabajamos desde el servicio p\u00fablico; la precisi\u00f3n, ayuda a disminuir las probabilidades de error, y calidad, porque tanto la oportunidad como la precisi\u00f3n tienen que ver con demandas de los agricultores, que nos piden cada d\u00eda m\u00e1s y mejor gesti\u00f3n\u201d.<\/p>\n","protected":false},"excerpt":{"rendered":"<p>Diciembre 2022: El acuerdo ya rindi\u00f3 sus frutos al permitir r\u00e1pido cruzamiento de datos entre los dos servicios para el apoyo de los afectados por el nem\u00e1todo de la frutilla Un r\u00e1pido desarrollo para&#46;&#46;&#46;<\/p>\n","protected":false},"author":2,"featured_media":27331,"comment_status":"closed","ping_status":"open","sticky":false,"template":"","format":"standard","meta":{"footnotes":""},"categories":[1],"tags":[140,1115,1678,589,8,6,117],"class_list":["post-27330","post","type-post","status-publish","format-standard","has-post-thumbnail","hentry","category-noticias","tag-indap","tag-noticias","tag-nuble","tag-sag","tag-yungay","tag-yungayino","tag-yungayinocl"],"_links":{"self":[{"href":"https:\/\/www.yungayino.cl\/noticias\/index.php?rest_route=\/wp\/v2\/posts\/27330","targetHints":{"allow":["GET"]}}],"collection":[{"href":"https:\/\/www.yungayino.cl\/noticias\/index.php?rest_route=\/wp\/v2\/posts"}],"about":[{"href":"https:\/\/www.yungayino.cl\/noticias\/index.php?rest_route=\/wp\/v2\/types\/post"}],"author":[{"embeddable":true,"href":"https:\/\/www.yungayino.cl\/noticias\/index.php?rest_route=\/wp\/v2\/users\/2"}],"replies":[{"embeddable":true,"href":"https:\/\/www.yungayino.cl\/noticias\/index.php?rest_route=%2Fwp%2Fv2%2Fcomments&post=27330"}],"version-history":[{"count":2,"href":"https:\/\/www.yungayino.cl\/noticias\/index.php?rest_route=\/wp\/v2\/posts\/27330\/revisions"}],"predecessor-version":[{"id":27333,"href":"https:\/\/www.yungayino.cl\/noticias\/index.php?rest_route=\/wp\/v2\/posts\/27330\/revisions\/27333"}],"wp:featuredmedia":[{"embeddable":true,"href":"https:\/\/www.yungayino.cl\/noticias\/index.php?rest_route=\/wp\/v2\/media\/27331"}],"wp:attachment":[{"href":"https:\/\/www.yungayino.cl\/noticias\/index.php?rest_route=%2Fwp%2Fv2%2Fmedia&parent=27330"}],"wp:term":[{"taxonomy":"category","embeddable":true,"href":"https:\/\/www.yungayino.cl\/noticias\/index.php?rest_route=%2Fwp%2Fv2%2Fcategories&post=27330"},{"taxonomy":"post_tag","embeddable":true,"href":"https:\/\/www.yungayino.cl\/noticias\/index.php?rest_route=%2Fwp%2Fv2%2Ftags&post=27330"}],"curies":[{"name":"wp","href":"https:\/\/api.w.org\/{rel}","templated":true}]}}