{"id":27334,"date":"2022-12-12T07:00:58","date_gmt":"2022-12-12T11:00:58","guid":{"rendered":"http:\/\/www.yungayino.cl\/noticias\/?p=27334"},"modified":"2022-12-05T19:26:33","modified_gmt":"2022-12-05T23:26:33","slug":"nuble-mas-de-29-mil-personas-podran-acceder-a-la-credencial-de-persona-cuidadora","status":"publish","type":"post","link":"https:\/\/www.yungayino.cl\/noticias\/?p=27334","title":{"rendered":"\u00d1uble: M\u00e1s de 29 Mil Personas Podr\u00e1n Acceder a la Credencial de Persona Cuidadora"},"content":{"rendered":"<p><img loading=\"lazy\" decoding=\"async\" class=\"alignnone wp-image-27335 size-full\" src=\"http:\/\/www.yungayino.cl\/noticias\/wp-content\/uploads\/2022\/12\/mes-de-los-cuidados.jpg\" alt=\"\" width=\"700\" height=\"350\" srcset=\"https:\/\/www.yungayino.cl\/noticias\/wp-content\/uploads\/2022\/12\/mes-de-los-cuidados.jpg 700w, https:\/\/www.yungayino.cl\/noticias\/wp-content\/uploads\/2022\/12\/mes-de-los-cuidados-300x150.jpg 300w\" sizes=\"auto, (max-width: 700px) 100vw, 700px\" \/><\/p>\n<p style=\"text-align: justify;\">\u00d1uble, diciembre 2022: En su visita a \u00d1uble, la subsecretaria de Servicios Sociales encabez\u00f3 el lanzamiento regional de la Credencial de Personas Cuidadoras que permitir\u00e1, en una primera etapa, el acceso preferente a diversos servicios del Estado.<\/p>\n<p style=\"text-align: justify;\">En las dependencias de Fonasa \u00d1uble, la subsecretaria de Servicios Sociales, Francisca Perales; junto al\u00a0 delegado presidencial regional, Gabriel Pradenas; la seremi de Desarrollo Social y Familia, Marta Carvajal; y la seremi de Mujer y Equidad de G\u00e9nero, Cristina Mart\u00edn, participaron del lanzamiento de la Credencial de Personas Cuidadoras, que identificar\u00e1 a quienes\u00a0 brindan asistencia de forma no remunerada a personas con discapacidad y\/o dependencia permiti\u00e9ndoles, en una primera etapa, tener acceso preferente en atenci\u00f3n primaria en salud, Fonasa, Banco Estado, Chile Atiende, Serviu y Registro Civil.<\/p>\n<p style=\"text-align: justify;\">En esta instancia la Subsecretaria afirm\u00f3 que el mecanismo de identificaci\u00f3n de personas cuidadoras, presentado el pasado 14 de noviembre por el Presidente Boric, tiene como objetivo principal entregar reconocimiento a las personas que ejercen labores de cuidado no remuneradas y aportar en aliviar la carga que sobrellevan estas personas a trav\u00e9s de este acceso preferente que les permitir\u00e1 ahorrar tiempo en diversos tr\u00e1mites.<\/p>\n<p style=\"text-align: justify;\">\u201cHemos trabajado en esto precisamente porque el Estado, en su conjunto, nunca se ha hecho parte de reconocer que hay personas que sostienen la sociedad detr\u00e1s de este trabajo, porque cuidar es trabajar. Uno de los compromisos del gobierno del Presidente Gabriel Boric es,\u00a0 precisamente, abrir\u00a0 un Sistema Nacional de Cuidados, que es un conjunto de pol\u00edticas, programas y servicios con oferta p\u00fablica para personas que requieren cuidados y para quienes ejercen esas labores de cuidado. El primer paso para esto es poder saber cu\u00e1ntas son las personas que est\u00e1n haciendo este trabajo al interior del hogar, d\u00f3nde est\u00e1n y cu\u00e1les son sus necesidades\u201d, agreg\u00f3 la Subsecretaria Perales.<\/p>\n<p style=\"text-align: justify;\">En esa l\u00ednea, el delegado presidencial regional, Gabriel Pradenas, sostuvo que\u00a0 \u201cel gobierno de nuestro presidente Gabriel Boric tiene en el coraz\u00f3n poder\u00a0 visibilizar cuestiones que hist\u00f3ricamente han sido invisibilizadas; en ese sentido, estamos en la ruta de poder potenciar todos estos elementos, reci\u00e9n en la \u00faltima d\u00e9cada se est\u00e1n\u00a0 incorporando como determinantes relevantes sociodemogr\u00e1ficos para el desarrollo de nuestra econom\u00eda y de nuestro desarrollo social,\u00a0 el hecho de que existe un n\u00famero de personas relevante en las familias que ejercen tareas de cuidado, por lo que hoy d\u00eda estamos avanzando, dando un paso adelante en estas pol\u00edticas p\u00fablicas, para poder visibilizar a estas personas.<\/p>\n<p style=\"text-align: justify;\">La credencial y sus beneficios estar\u00e1n disponibles a trav\u00e9s del Registro Social de Hogares, donde se incorpor\u00f3 un complemento de informaci\u00f3n para que las personas incorporen los datos de cuidados (si existen personas que requieran cuidados o realicen labores de cuidado) de su hogar, que se validar\u00e1n a partir de los registros administrativos que ya existen en el Estado. De manera adicional, las personas que actualmente participen de los programas de Atenci\u00f3n Domiciliaria del Ministerio de Salud y de la Red Local de Apoyos y Cuidados del Ministerio de Desarrollo Social tendr\u00e1n acceso a la credencial de manera autom\u00e1tica, que en el caso de la regi\u00f3n de \u00d1uble son m\u00e1s de 1500 personas.<\/p>\n<p style=\"text-align: justify;\">Tanto para agregar la informaci\u00f3n y acreditar las labores de cuidado o verificar si ya se cuenta con el beneficio las personas pueden ingresar con su clave \u00fanica a <a href=\"http:\/\/www.registrosocial.gob.cl\">www.registrosocial.gob.cl<\/a><\/p>\n","protected":false},"excerpt":{"rendered":"<p>\u00d1uble, diciembre 2022: En su visita a \u00d1uble, la subsecretaria de Servicios Sociales encabez\u00f3 el lanzamiento regional de la Credencial de Personas Cuidadoras que permitir\u00e1, en una primera etapa, el acceso preferente a diversos&#46;&#46;&#46;<\/p>\n","protected":false},"author":2,"featured_media":27335,"comment_status":"closed","ping_status":"open","sticky":false,"template":"","format":"standard","meta":{"footnotes":""},"categories":[1],"tags":[2699,1115,8,6,117],"class_list":["post-27334","post","type-post","status-publish","format-standard","has-post-thumbnail","hentry","category-noticias","tag-credencial-persona-cuidadora","tag-noticias","tag-yungay","tag-yungayino","tag-yungayinocl"],"_links":{"self":[{"href":"https:\/\/www.yungayino.cl\/noticias\/index.php?rest_route=\/wp\/v2\/posts\/27334","targetHints":{"allow":["GET"]}}],"collection":[{"href":"https:\/\/www.yungayino.cl\/noticias\/index.php?rest_route=\/wp\/v2\/posts"}],"about":[{"href":"https:\/\/www.yungayino.cl\/noticias\/index.php?rest_route=\/wp\/v2\/types\/post"}],"author":[{"embeddable":true,"href":"https:\/\/www.yungayino.cl\/noticias\/index.php?rest_route=\/wp\/v2\/users\/2"}],"replies":[{"embeddable":true,"href":"https:\/\/www.yungayino.cl\/noticias\/index.php?rest_route=%2Fwp%2Fv2%2Fcomments&post=27334"}],"version-history":[{"count":1,"href":"https:\/\/www.yungayino.cl\/noticias\/index.php?rest_route=\/wp\/v2\/posts\/27334\/revisions"}],"predecessor-version":[{"id":27336,"href":"https:\/\/www.yungayino.cl\/noticias\/index.php?rest_route=\/wp\/v2\/posts\/27334\/revisions\/27336"}],"wp:featuredmedia":[{"embeddable":true,"href":"https:\/\/www.yungayino.cl\/noticias\/index.php?rest_route=\/wp\/v2\/media\/27335"}],"wp:attachment":[{"href":"https:\/\/www.yungayino.cl\/noticias\/index.php?rest_route=%2Fwp%2Fv2%2Fmedia&parent=27334"}],"wp:term":[{"taxonomy":"category","embeddable":true,"href":"https:\/\/www.yungayino.cl\/noticias\/index.php?rest_route=%2Fwp%2Fv2%2Fcategories&post=27334"},{"taxonomy":"post_tag","embeddable":true,"href":"https:\/\/www.yungayino.cl\/noticias\/index.php?rest_route=%2Fwp%2Fv2%2Ftags&post=27334"}],"curies":[{"name":"wp","href":"https:\/\/api.w.org\/{rel}","templated":true}]}}