{"id":27340,"date":"2022-12-19T07:00:12","date_gmt":"2022-12-19T11:00:12","guid":{"rendered":"http:\/\/www.yungayino.cl\/noticias\/?p=27340"},"modified":"2022-12-05T19:30:32","modified_gmt":"2022-12-05T23:30:32","slug":"gobernador-crisostomo-expone-oportunidades-de-inversion-en-nuble-frente-a-empresarios-espanoles","status":"publish","type":"post","link":"https:\/\/www.yungayino.cl\/noticias\/?p=27340","title":{"rendered":"Gobernador Cris\u00f3stomo Expone Oportunidades de Inversi\u00f3n en \u00d1uble Frente a Empresarios Espa\u00f1oles"},"content":{"rendered":"<p><img loading=\"lazy\" decoding=\"async\" class=\"alignnone wp-image-27341 size-full\" src=\"http:\/\/www.yungayino.cl\/noticias\/wp-content\/uploads\/2022\/12\/inversion-empresarios-espanoles.jpg\" alt=\"\" width=\"700\" height=\"351\" srcset=\"https:\/\/www.yungayino.cl\/noticias\/wp-content\/uploads\/2022\/12\/inversion-empresarios-espanoles.jpg 700w, https:\/\/www.yungayino.cl\/noticias\/wp-content\/uploads\/2022\/12\/inversion-empresarios-espanoles-300x150.jpg 300w, https:\/\/www.yungayino.cl\/noticias\/wp-content\/uploads\/2022\/12\/inversion-empresarios-espanoles-299x150.jpg 299w\" sizes=\"auto, (max-width: 700px) 100vw, 700px\" \/><\/p>\n<p style=\"text-align: justify;\">\u00d1uble, diciembre 2022: La Fundaci\u00f3n Chile \u2013 Espa\u00f1a junto a la Embajada de Chile convocaron a diferentes empresarios en un almuerzo coloquio donde expuso la m\u00e1xima autoridad regional como \u00fanico orador.<\/p>\n<p style=\"text-align: justify;\">Una provechosa jornada tuvo hoy en Madrid, la delegaci\u00f3n del Gobierno Regional que viaj\u00f3 a Espa\u00f1a, encabezada por el Gobernador \u00d3scar Cris\u00f3stomo, quien expuso sobre las fortalezas y oportunidades de inversi\u00f3n que ofrece la Regi\u00f3n de \u00d1uble, frente a empresarios que fueron convocados por la Fundaci\u00f3n Chile \u2013 Espa\u00f1a y la Embajada de Chile.<\/p>\n<p style=\"text-align: justify;\">La actividad cont\u00f3 con la presencia del Embajador de Chile en Espa\u00f1a, Javier Velasco; el Vicepresidente de la Fundaci\u00f3n Chile-Espa\u00f1a, Rafael Mateo; el Socio Director de Ontier, Pedro Rodero; adem\u00e1s de gerentes y representantes de AFP Cuprum, Banco Santander, Caixabank, Excelia, Foro ADR, Indra, Luxida, Real F\u00e1brica de Tapices y Manpower Group, quienes se mostraron interesados en iniciar un trabajo conjunto con la Regi\u00f3n de \u00d1uble.<\/p>\n<p style=\"text-align: justify;\">En su ponencia el Gobernador Cris\u00f3stomo, que fue el \u00fanico orador invitado a la actividad, destac\u00f3 el desarrollo de la agroindustria, la innovaci\u00f3n y la capacidad de transformar estas potencialidades en una oportunidad para la inversi\u00f3n extranjera.<\/p>\n<p style=\"text-align: justify;\">Sobre este encuentro, el jefe regional se\u00f1al\u00f3 que fue \u201cmuy provechoso y fruct\u00edfero, que nos permiti\u00f3 dar a conocer las bondades de nuestra regi\u00f3n, el \u00e1nimo que tenemos que atraer inversi\u00f3n porque estamos concentrados en construir un mejor futuro para \u00d1uble y eso implica tambi\u00e9n buscar las oportunidades donde exista capacidad y voluntad de iniciar negocios. En ese sentido, Espa\u00f1a es la puerta de entrada a Europa y afortunadamente hemos encontrado una excelente acogida entre los asistentes a este encuentro. Somos una regi\u00f3n nueva y tenemos que hacer todos los esfuerzos para que nos conozcan y sepan que estamos interesados en recibir la inversi\u00f3n extranjera\u201d.<\/p>\n<p style=\"text-align: justify;\">Por su parte, el vicepresidente Fundaci\u00f3n Chile &#8211; Espa\u00f1a Rafael Mateo, tambi\u00e9n valor\u00f3 la oportunidad, y consider\u00f3 como una gran satisfacci\u00f3n \u201crecibir aqu\u00ed al Gobernador de esta nueva regi\u00f3n chilena, la Fundaci\u00f3n est\u00e1 colaborando con Chile y con sus patrones chilenos y espa\u00f1oles, para conseguir la m\u00e1xima colaboraci\u00f3n ciudadana, cultural y empresarial entre ambos pa\u00edses y entre los territorios y las regiones. En especial, en esta oportunidad, dado que nos visita el Embajador de la hermosa regi\u00f3n, (\u2026) ha sido una gran satisfacci\u00f3n conocer la opini\u00f3n del nuevo Gobierno Regional y estamos seguros de que va a ser exitoso, porque tiene una claridad de visi\u00f3n de c\u00f3mo quiere que sea la vida, la mejor vida en ese territorio. Como Fundaci\u00f3n no somos una fundaci\u00f3n centralista, somos una fundaci\u00f3n chilena y espa\u00f1ola, y atendemos a la totalidad de su territorio y efectivamente los pa\u00edses no est\u00e1n solo en su capital, est\u00e1n en todas sus regiones y en todos sus municipios\u201d.<\/p>\n<p style=\"text-align: justify;\">Asimismo, Mar\u00eda de los \u00c1ngeles Osorio, directora ejecutiva Fundaci\u00f3n Chile- Espa\u00f1a explic\u00f3 que son \u201cuna fundaci\u00f3n empresarial que est\u00e1 muy comprometida con hacer un acompa\u00f1amiento muy cercano a todo el proceso de descentralizaci\u00f3n que se est\u00e1 produciendo en Chile\u201d. Y calific\u00f3 la exposici\u00f3n como \u201cmuy interesante porque nos ha dado una visi\u00f3n muy diversa y transversal y sobre todo lo que nos ha llamado la atenci\u00f3n, es esa puerta de entrada y la oportunidad que ofrece la regi\u00f3n como un centro log\u00edstico\u201d.<\/p>\n<p style=\"text-align: justify;\"><strong>Plataforma de negocios<\/strong><\/p>\n<p style=\"text-align: justify;\">Paralelamente, el Gobernador Cris\u00f3stomo, junto a los consejeros regionales, Ariel Miranda y Arnoldo Jim\u00e9nez, se reunieron con Presidente Ejecutivo de Madrid Platform, Carlos Morales, donde concretaron la posibilidad de empresarios de la regi\u00f3n asistan como invitados al encuentro anual que organizan para explorar oportunidades de negocios y que para el 2023 el pa\u00eds invitado es Chile.<\/p>\n<p style=\"text-align: justify;\">Madrid Platform es la plataforma de negocios m\u00e1s grande de Espa\u00f1a, que re\u00fane a empresas de varios rubros con presencia en Chile y Latinoam\u00e9rica.<\/p>\n<p style=\"text-align: justify;\">En ese sentido el Presidente Ejecutivo de Madrid Platform, coment\u00f3 que \u201cla propuesta de buscar que la regi\u00f3n se convierta en un polo log\u00edstico me parece muy interesante, creo que tiene todo el sentido a nivel de estrategia territorial. Las ciudades, las regiones tienen que elegir una materia para distinguirse del resto, ya que eso me parece muy interesante y la idea de venir al encuentro de mayo del pr\u00f3ximo a\u00f1o, como \u00d1uble a hacer este intercambio de experiencias con empresarios europeos, espa\u00f1oles y latinoamericanos, me parece que es el primer paso para la consecuci\u00f3n de atracci\u00f3n de empresas, de inversiones, de familias que quieren invertir en determinadas zonas del planeta\u201d.<\/p>\n<p style=\"text-align: justify;\">A su vez, el Consejero Regional, Ariel Miranda, asegur\u00f3 que \u201chemos demostrado que \u00d1uble se construye con uni\u00f3n y voluntad, lo que necesita de todos los sectores e integrantes del consejo regional. Lo que hemos visto estos d\u00edas, es una muy buena imagen que tienen de nuestro pa\u00eds y una sorpresa al dar a conocer las bondades, sobre todo en lo que respecta a nuestra cultura, lugares tur\u00edsticos y potencialmente una regi\u00f3n interesante para la inversi\u00f3n de empresas internacionales\u201d.<\/p>\n<p style=\"text-align: justify;\">En la misma l\u00ednea, el Consejero Arnoldo Jim\u00e9nez expres\u00f3 que \u201cla riqueza cultural de \u00d1uble nos abri\u00f3 las puertas para presentar nuestra joven regi\u00f3n, transmitiendo nuestro \u00e1nimo e inter\u00e9s por crecer, dando a conocer las ventajas de la zona y todo aquello que somos en esencia, pensando no solo en la capital regional sino en las 21 comunas que la componen\u201d.<\/p>\n","protected":false},"excerpt":{"rendered":"<p>\u00d1uble, diciembre 2022: La Fundaci\u00f3n Chile \u2013 Espa\u00f1a junto a la Embajada de Chile convocaron a diferentes empresarios en un almuerzo coloquio donde expuso la m\u00e1xima autoridad regional como \u00fanico orador. Una provechosa jornada&#46;&#46;&#46;<\/p>\n","protected":false},"author":2,"featured_media":27341,"comment_status":"closed","ping_status":"open","sticky":false,"template":"","format":"standard","meta":{"footnotes":""},"categories":[1],"tags":[1115,1678,8,6,117],"class_list":["post-27340","post","type-post","status-publish","format-standard","has-post-thumbnail","hentry","category-noticias","tag-noticias","tag-nuble","tag-yungay","tag-yungayino","tag-yungayinocl"],"_links":{"self":[{"href":"https:\/\/www.yungayino.cl\/noticias\/index.php?rest_route=\/wp\/v2\/posts\/27340","targetHints":{"allow":["GET"]}}],"collection":[{"href":"https:\/\/www.yungayino.cl\/noticias\/index.php?rest_route=\/wp\/v2\/posts"}],"about":[{"href":"https:\/\/www.yungayino.cl\/noticias\/index.php?rest_route=\/wp\/v2\/types\/post"}],"author":[{"embeddable":true,"href":"https:\/\/www.yungayino.cl\/noticias\/index.php?rest_route=\/wp\/v2\/users\/2"}],"replies":[{"embeddable":true,"href":"https:\/\/www.yungayino.cl\/noticias\/index.php?rest_route=%2Fwp%2Fv2%2Fcomments&post=27340"}],"version-history":[{"count":2,"href":"https:\/\/www.yungayino.cl\/noticias\/index.php?rest_route=\/wp\/v2\/posts\/27340\/revisions"}],"predecessor-version":[{"id":27343,"href":"https:\/\/www.yungayino.cl\/noticias\/index.php?rest_route=\/wp\/v2\/posts\/27340\/revisions\/27343"}],"wp:featuredmedia":[{"embeddable":true,"href":"https:\/\/www.yungayino.cl\/noticias\/index.php?rest_route=\/wp\/v2\/media\/27341"}],"wp:attachment":[{"href":"https:\/\/www.yungayino.cl\/noticias\/index.php?rest_route=%2Fwp%2Fv2%2Fmedia&parent=27340"}],"wp:term":[{"taxonomy":"category","embeddable":true,"href":"https:\/\/www.yungayino.cl\/noticias\/index.php?rest_route=%2Fwp%2Fv2%2Fcategories&post=27340"},{"taxonomy":"post_tag","embeddable":true,"href":"https:\/\/www.yungayino.cl\/noticias\/index.php?rest_route=%2Fwp%2Fv2%2Ftags&post=27340"}],"curies":[{"name":"wp","href":"https:\/\/api.w.org\/{rel}","templated":true}]}}