{"id":27345,"date":"2022-12-07T18:00:15","date_gmt":"2022-12-07T22:00:15","guid":{"rendered":"http:\/\/www.yungayino.cl\/noticias\/?p=27345"},"modified":"2022-12-07T18:55:53","modified_gmt":"2022-12-07T22:55:53","slug":"internos-de-yungay-se-graduaron-de-cuarto-medio","status":"publish","type":"post","link":"https:\/\/www.yungayino.cl\/noticias\/?p=27345","title":{"rendered":"Internos de Yungay se Graduaron de Cuarto Medio"},"content":{"rendered":"<p><img loading=\"lazy\" decoding=\"async\" class=\"alignnone wp-image-27347 size-full\" src=\"http:\/\/www.yungayino.cl\/noticias\/wp-content\/uploads\/2022\/12\/portada-gendarmeria.jpg\" alt=\"\" width=\"700\" height=\"525\" srcset=\"https:\/\/www.yungayino.cl\/noticias\/wp-content\/uploads\/2022\/12\/portada-gendarmeria.jpg 700w, https:\/\/www.yungayino.cl\/noticias\/wp-content\/uploads\/2022\/12\/portada-gendarmeria-300x225.jpg 300w, https:\/\/www.yungayino.cl\/noticias\/wp-content\/uploads\/2022\/12\/portada-gendarmeria-200x150.jpg 200w\" sizes=\"auto, (max-width: 700px) 100vw, 700px\" \/><\/p>\n<p style=\"text-align: justify;\">Yungay, diciembre 2022: En una solemne ceremonia se realiz\u00f3 la licenciatura y graduaci\u00f3n de los internos del Centro de Detenci\u00f3n Preventiva de Yungay que culminaron su cuarto medio en la Escuela para Adultos de Yungay que se encuentra al interior del penal.<\/p>\n<p style=\"text-align: justify;\">En total fueron 7 los privados de libertad que culminaron exitosamente su proceso de educaci\u00f3n escolar, gracias al programa de nivelaci\u00f3n de estudios que ejecutan los profesionales de la Escuela municipal junto a Gendarmer\u00eda de Chile.<\/p>\n<p style=\"text-align: justify;\">En la actividad particip\u00f3 el alcaide del recinto, capit\u00e1n Agust\u00edn Guti\u00e9rrez Parada y representantes del municipio y del Departamento de Educaci\u00f3n Municipal, adem\u00e1s de las familias de los estudiantes.<\/p>\n<p style=\"text-align: justify;\">En la oportunidad, el capit\u00e1n Agust\u00edn Guti\u00e9rrez, destac\u00f3 la importancia de la educaci\u00f3n en el proceso de reinserci\u00f3n de los internos.<\/p>\n<p style=\"text-align: justify;\">\u201cPara nosotros es muy importante todo lo que tenga que ver con educaci\u00f3n y capacitaci\u00f3n de los internos e internas, considerando que obtener el cuarto medio es primordial para seguir avanzando en su proceso de reinserci\u00f3n, ya que sin duda, los estudios abren una serie de posibilidades positivas, resaltando que es doble esfuerzo terminar sus estudios privados de libertad, ya que por distintas circunstancias de la vida, antes nunca pudieron terminar sus estudios b\u00e1sicos y medios, es decir, a pesar de las adversidades si se puede\u201d, finaliz\u00f3.<\/p>\n<p><img loading=\"lazy\" decoding=\"async\" class=\"alignnone wp-image-27346 size-full\" src=\"http:\/\/www.yungayino.cl\/noticias\/wp-content\/uploads\/2022\/12\/gendarmeria-3.jpg\" alt=\"\" width=\"700\" height=\"469\" srcset=\"https:\/\/www.yungayino.cl\/noticias\/wp-content\/uploads\/2022\/12\/gendarmeria-3.jpg 700w, https:\/\/www.yungayino.cl\/noticias\/wp-content\/uploads\/2022\/12\/gendarmeria-3-300x201.jpg 300w, https:\/\/www.yungayino.cl\/noticias\/wp-content\/uploads\/2022\/12\/gendarmeria-3-224x150.jpg 224w\" sizes=\"auto, (max-width: 700px) 100vw, 700px\" \/><\/p>\n<p>&nbsp;<\/p>\n","protected":false},"excerpt":{"rendered":"<p>Yungay, diciembre 2022: En una solemne ceremonia se realiz\u00f3 la licenciatura y graduaci\u00f3n de los internos del Centro de Detenci\u00f3n Preventiva de Yungay que culminaron su cuarto medio en la Escuela para Adultos de&#46;&#46;&#46;<\/p>\n","protected":false},"author":2,"featured_media":27347,"comment_status":"closed","ping_status":"open","sticky":false,"template":"","format":"standard","meta":{"footnotes":""},"categories":[1],"tags":[1870,361,1115,8,6,117],"class_list":["post-27345","post","type-post","status-publish","format-standard","has-post-thumbnail","hentry","category-noticias","tag-cuarto-medio","tag-gendarmeria","tag-noticias","tag-yungay","tag-yungayino","tag-yungayinocl"],"_links":{"self":[{"href":"https:\/\/www.yungayino.cl\/noticias\/index.php?rest_route=\/wp\/v2\/posts\/27345","targetHints":{"allow":["GET"]}}],"collection":[{"href":"https:\/\/www.yungayino.cl\/noticias\/index.php?rest_route=\/wp\/v2\/posts"}],"about":[{"href":"https:\/\/www.yungayino.cl\/noticias\/index.php?rest_route=\/wp\/v2\/types\/post"}],"author":[{"embeddable":true,"href":"https:\/\/www.yungayino.cl\/noticias\/index.php?rest_route=\/wp\/v2\/users\/2"}],"replies":[{"embeddable":true,"href":"https:\/\/www.yungayino.cl\/noticias\/index.php?rest_route=%2Fwp%2Fv2%2Fcomments&post=27345"}],"version-history":[{"count":2,"href":"https:\/\/www.yungayino.cl\/noticias\/index.php?rest_route=\/wp\/v2\/posts\/27345\/revisions"}],"predecessor-version":[{"id":27349,"href":"https:\/\/www.yungayino.cl\/noticias\/index.php?rest_route=\/wp\/v2\/posts\/27345\/revisions\/27349"}],"wp:featuredmedia":[{"embeddable":true,"href":"https:\/\/www.yungayino.cl\/noticias\/index.php?rest_route=\/wp\/v2\/media\/27347"}],"wp:attachment":[{"href":"https:\/\/www.yungayino.cl\/noticias\/index.php?rest_route=%2Fwp%2Fv2%2Fmedia&parent=27345"}],"wp:term":[{"taxonomy":"category","embeddable":true,"href":"https:\/\/www.yungayino.cl\/noticias\/index.php?rest_route=%2Fwp%2Fv2%2Fcategories&post=27345"},{"taxonomy":"post_tag","embeddable":true,"href":"https:\/\/www.yungayino.cl\/noticias\/index.php?rest_route=%2Fwp%2Fv2%2Ftags&post=27345"}],"curies":[{"name":"wp","href":"https:\/\/api.w.org\/{rel}","templated":true}]}}