{"id":27353,"date":"2022-12-05T10:00:46","date_gmt":"2022-12-05T14:00:46","guid":{"rendered":"http:\/\/www.yungayino.cl\/noticias\/?p=27353"},"modified":"2022-12-07T19:00:16","modified_gmt":"2022-12-07T23:00:16","slug":"escuela-fernando-baquedano-celebra-un-nuevo-aniversario","status":"publish","type":"post","link":"https:\/\/www.yungayino.cl\/noticias\/?p=27353","title":{"rendered":"Escuela Fernando Baquedano Celebra un Nuevo Aniversario"},"content":{"rendered":"<p><img loading=\"lazy\" decoding=\"async\" class=\"alignnone wp-image-27354 size-full\" src=\"http:\/\/www.yungayino.cl\/noticias\/wp-content\/uploads\/2022\/12\/acto-fernando-baquedano.jpg\" alt=\"\" width=\"700\" height=\"352\" srcset=\"https:\/\/www.yungayino.cl\/noticias\/wp-content\/uploads\/2022\/12\/acto-fernando-baquedano.jpg 700w, https:\/\/www.yungayino.cl\/noticias\/wp-content\/uploads\/2022\/12\/acto-fernando-baquedano-300x151.jpg 300w, https:\/\/www.yungayino.cl\/noticias\/wp-content\/uploads\/2022\/12\/acto-fernando-baquedano-298x150.jpg 298w\" sizes=\"auto, (max-width: 700px) 100vw, 700px\" \/><\/p>\n<p style=\"text-align: justify;\">Yungay, diciembre 2022: Escuela Fernando Baquedano celebr\u00f3 con un emotivo acto junto a los funcionarios, el equipo directivo y sus estudiantes, el aniversario 178\u00b0 del establecimiento.<\/p>\n<p style=\"text-align: justify;\">El director del establecimiento, Zoilo Irarr\u00e1zaval, destac\u00f3 durante su discurso la gran cantidad de lazos que la Escuela ha formado a lo largo de los a\u00f1os, lo que permite un trabajo en red junto a otros equipos multidisciplinarios que enriquecen el trabajo del equipo, es por eso que el establecimiento reconoci\u00f3 el aporte cultural de la Biblioteca P\u00fablica de Yungay, Oreste Montero, el importante trabajo de los asistentes de la educaci\u00f3n y a los alumnos que representan los valores y sellos de su programa educativo.<\/p>\n<p style=\"text-align: justify;\">El acto culmin\u00f3 con un hermoso desfile de todos quienes forman parte de la Escuela Fernando Baquedano.<\/p>\n","protected":false},"excerpt":{"rendered":"<p>Yungay, diciembre 2022: Escuela Fernando Baquedano celebr\u00f3 con un emotivo acto junto a los funcionarios, el equipo directivo y sus estudiantes, el aniversario 178\u00b0 del establecimiento. El director del establecimiento, Zoilo Irarr\u00e1zaval, destac\u00f3 durante&#46;&#46;&#46;<\/p>\n","protected":false},"author":2,"featured_media":27354,"comment_status":"closed","ping_status":"open","sticky":false,"template":"","format":"standard","meta":{"footnotes":""},"categories":[1],"tags":[1671,367,1115,8,6,117],"class_list":["post-27353","post","type-post","status-publish","format-standard","has-post-thumbnail","hentry","category-noticias","tag-escuela","tag-fernando-baquedano","tag-noticias","tag-yungay","tag-yungayino","tag-yungayinocl"],"_links":{"self":[{"href":"https:\/\/www.yungayino.cl\/noticias\/index.php?rest_route=\/wp\/v2\/posts\/27353","targetHints":{"allow":["GET"]}}],"collection":[{"href":"https:\/\/www.yungayino.cl\/noticias\/index.php?rest_route=\/wp\/v2\/posts"}],"about":[{"href":"https:\/\/www.yungayino.cl\/noticias\/index.php?rest_route=\/wp\/v2\/types\/post"}],"author":[{"embeddable":true,"href":"https:\/\/www.yungayino.cl\/noticias\/index.php?rest_route=\/wp\/v2\/users\/2"}],"replies":[{"embeddable":true,"href":"https:\/\/www.yungayino.cl\/noticias\/index.php?rest_route=%2Fwp%2Fv2%2Fcomments&post=27353"}],"version-history":[{"count":1,"href":"https:\/\/www.yungayino.cl\/noticias\/index.php?rest_route=\/wp\/v2\/posts\/27353\/revisions"}],"predecessor-version":[{"id":27355,"href":"https:\/\/www.yungayino.cl\/noticias\/index.php?rest_route=\/wp\/v2\/posts\/27353\/revisions\/27355"}],"wp:featuredmedia":[{"embeddable":true,"href":"https:\/\/www.yungayino.cl\/noticias\/index.php?rest_route=\/wp\/v2\/media\/27354"}],"wp:attachment":[{"href":"https:\/\/www.yungayino.cl\/noticias\/index.php?rest_route=%2Fwp%2Fv2%2Fmedia&parent=27353"}],"wp:term":[{"taxonomy":"category","embeddable":true,"href":"https:\/\/www.yungayino.cl\/noticias\/index.php?rest_route=%2Fwp%2Fv2%2Fcategories&post=27353"},{"taxonomy":"post_tag","embeddable":true,"href":"https:\/\/www.yungayino.cl\/noticias\/index.php?rest_route=%2Fwp%2Fv2%2Ftags&post=27353"}],"curies":[{"name":"wp","href":"https:\/\/api.w.org\/{rel}","templated":true}]}}