{"id":27378,"date":"2022-12-17T07:00:34","date_gmt":"2022-12-17T11:00:34","guid":{"rendered":"http:\/\/www.yungayino.cl\/noticias\/?p=27378"},"modified":"2022-12-15T15:50:39","modified_gmt":"2022-12-15T19:50:39","slug":"inauguracion-sala-de-promocion-de-salud","status":"publish","type":"post","link":"https:\/\/www.yungayino.cl\/noticias\/?p=27378","title":{"rendered":"Inauguraci\u00f3n \u201cSala de Promoci\u00f3n de Salud\u201d"},"content":{"rendered":"<p><img loading=\"lazy\" decoding=\"async\" class=\"alignnone wp-image-27381 size-full\" src=\"http:\/\/www.yungayino.cl\/noticias\/wp-content\/uploads\/2022\/12\/sala-salud.jpg\" alt=\"\" width=\"700\" height=\"351\" srcset=\"https:\/\/www.yungayino.cl\/noticias\/wp-content\/uploads\/2022\/12\/sala-salud.jpg 700w, https:\/\/www.yungayino.cl\/noticias\/wp-content\/uploads\/2022\/12\/sala-salud-300x150.jpg 300w, https:\/\/www.yungayino.cl\/noticias\/wp-content\/uploads\/2022\/12\/sala-salud-299x150.jpg 299w\" sizes=\"auto, (max-width: 700px) 100vw, 700px\" \/><\/p>\n<p style=\"text-align: justify;\">Yungay, diciembre 2022: Se realiz\u00f3 la inauguraci\u00f3n de la Sala de Promoci\u00f3n de Salud, espacio que permitir\u00e1 realizar actividades de promoci\u00f3n de salud, ya sea de forma intersectorial y\/o con la comunidad.<\/p>\n<p style=\"text-align: justify;\">El financiamiento de esta iniciativa est\u00e1 amparado en la ejecuci\u00f3n del Plan de Trabajo Trienal de Promoci\u00f3n de Salud, financiado a trav\u00e9s de recursos del Ministerio de Salud, mediante convenio celebrado entre la Municipalidad de Yungay y SEREMI DE SALUD \u00d1UBLE.<\/p>\n<p style=\"text-align: justify;\">En la actividad participaron el Director del Hospital de Yungay Sr. Luis Gatica, representante del Alcalde de Yungay, Sra. Pamela Jelves Acu\u00f1a, Jefe Departamento de Salud de Yungay, Sr. Rodolfo San Mart\u00edn V\u00e1squez, integrantes del Comit\u00e9 de Promoci\u00f3n Comunal.<\/p>\n<p>&nbsp;<\/p>\n<p><img loading=\"lazy\" decoding=\"async\" class=\"wp-image-27380 size-full aligncenter\" src=\"http:\/\/www.yungayino.cl\/noticias\/wp-content\/uploads\/2022\/12\/sala-salud-2.jpg\" alt=\"\" width=\"700\" height=\"699\" srcset=\"https:\/\/www.yungayino.cl\/noticias\/wp-content\/uploads\/2022\/12\/sala-salud-2.jpg 700w, https:\/\/www.yungayino.cl\/noticias\/wp-content\/uploads\/2022\/12\/sala-salud-2-300x300.jpg 300w, https:\/\/www.yungayino.cl\/noticias\/wp-content\/uploads\/2022\/12\/sala-salud-2-150x150.jpg 150w, https:\/\/www.yungayino.cl\/noticias\/wp-content\/uploads\/2022\/12\/sala-salud-2-80x80.jpg 80w, https:\/\/www.yungayino.cl\/noticias\/wp-content\/uploads\/2022\/12\/sala-salud-2-320x320.jpg 320w\" sizes=\"auto, (max-width: 700px) 100vw, 700px\" \/><\/p>\n<p>&nbsp;<\/p>\n<p><img loading=\"lazy\" decoding=\"async\" class=\"wp-image-27379 size-full aligncenter\" src=\"http:\/\/www.yungayino.cl\/noticias\/wp-content\/uploads\/2022\/12\/sala-salud-1.jpg\" alt=\"\" width=\"700\" height=\"700\" srcset=\"https:\/\/www.yungayino.cl\/noticias\/wp-content\/uploads\/2022\/12\/sala-salud-1.jpg 700w, https:\/\/www.yungayino.cl\/noticias\/wp-content\/uploads\/2022\/12\/sala-salud-1-300x300.jpg 300w, https:\/\/www.yungayino.cl\/noticias\/wp-content\/uploads\/2022\/12\/sala-salud-1-150x150.jpg 150w, https:\/\/www.yungayino.cl\/noticias\/wp-content\/uploads\/2022\/12\/sala-salud-1-80x80.jpg 80w, https:\/\/www.yungayino.cl\/noticias\/wp-content\/uploads\/2022\/12\/sala-salud-1-320x320.jpg 320w\" sizes=\"auto, (max-width: 700px) 100vw, 700px\" \/><\/p>\n","protected":false},"excerpt":{"rendered":"<p>Yungay, diciembre 2022: Se realiz\u00f3 la inauguraci\u00f3n de la Sala de Promoci\u00f3n de Salud, espacio que permitir\u00e1 realizar actividades de promoci\u00f3n de salud, ya sea de forma intersectorial y\/o con la comunidad. El financiamiento&#46;&#46;&#46;<\/p>\n","protected":false},"author":2,"featured_media":27381,"comment_status":"closed","ping_status":"open","sticky":false,"template":"","format":"standard","meta":{"footnotes":""},"categories":[1,1675,1676],"tags":[1115,65,8,6,117],"class_list":["post-27378","post","type-post","status-publish","format-standard","has-post-thumbnail","hentry","category-noticias","category-saludc","category-salud","tag-noticias","tag-salud","tag-yungay","tag-yungayino","tag-yungayinocl"],"_links":{"self":[{"href":"https:\/\/www.yungayino.cl\/noticias\/index.php?rest_route=\/wp\/v2\/posts\/27378","targetHints":{"allow":["GET"]}}],"collection":[{"href":"https:\/\/www.yungayino.cl\/noticias\/index.php?rest_route=\/wp\/v2\/posts"}],"about":[{"href":"https:\/\/www.yungayino.cl\/noticias\/index.php?rest_route=\/wp\/v2\/types\/post"}],"author":[{"embeddable":true,"href":"https:\/\/www.yungayino.cl\/noticias\/index.php?rest_route=\/wp\/v2\/users\/2"}],"replies":[{"embeddable":true,"href":"https:\/\/www.yungayino.cl\/noticias\/index.php?rest_route=%2Fwp%2Fv2%2Fcomments&post=27378"}],"version-history":[{"count":1,"href":"https:\/\/www.yungayino.cl\/noticias\/index.php?rest_route=\/wp\/v2\/posts\/27378\/revisions"}],"predecessor-version":[{"id":27382,"href":"https:\/\/www.yungayino.cl\/noticias\/index.php?rest_route=\/wp\/v2\/posts\/27378\/revisions\/27382"}],"wp:featuredmedia":[{"embeddable":true,"href":"https:\/\/www.yungayino.cl\/noticias\/index.php?rest_route=\/wp\/v2\/media\/27381"}],"wp:attachment":[{"href":"https:\/\/www.yungayino.cl\/noticias\/index.php?rest_route=%2Fwp%2Fv2%2Fmedia&parent=27378"}],"wp:term":[{"taxonomy":"category","embeddable":true,"href":"https:\/\/www.yungayino.cl\/noticias\/index.php?rest_route=%2Fwp%2Fv2%2Fcategories&post=27378"},{"taxonomy":"post_tag","embeddable":true,"href":"https:\/\/www.yungayino.cl\/noticias\/index.php?rest_route=%2Fwp%2Fv2%2Ftags&post=27378"}],"curies":[{"name":"wp","href":"https:\/\/api.w.org\/{rel}","templated":true}]}}