{"id":27383,"date":"2022-12-17T08:00:45","date_gmt":"2022-12-17T12:00:45","guid":{"rendered":"http:\/\/www.yungayino.cl\/noticias\/?p=27383"},"modified":"2022-12-15T15:52:05","modified_gmt":"2022-12-15T19:52:05","slug":"cierre-proyecto-difundiendo-la-emergencia-climatica-desde-el-cac-yungay","status":"publish","type":"post","link":"https:\/\/www.yungayino.cl\/noticias\/?p=27383","title":{"rendered":"Cierre Proyecto \u00abDifundiendo la Emergencia Clim\u00e1tica Desde el CAC Yungay\u201d"},"content":{"rendered":"<p><img loading=\"lazy\" decoding=\"async\" class=\"alignnone wp-image-27384 size-full\" src=\"http:\/\/www.yungayino.cl\/noticias\/wp-content\/uploads\/2022\/12\/cierre-proyecto.jpg\" alt=\"\" width=\"700\" height=\"350\" srcset=\"https:\/\/www.yungayino.cl\/noticias\/wp-content\/uploads\/2022\/12\/cierre-proyecto.jpg 700w, https:\/\/www.yungayino.cl\/noticias\/wp-content\/uploads\/2022\/12\/cierre-proyecto-300x150.jpg 300w\" sizes=\"auto, (max-width: 700px) 100vw, 700px\" \/><\/p>\n<p style=\"text-align: justify;\">Yungay, diciembre 2022: Se realiz\u00f3 el cierre del proyecto \u00abDifundiendo la Emergencia Clim\u00e1tica desde el CAC Yungay\u201d, ejecutado por la Agrupaci\u00f3n de Defensa y Conservaci\u00f3n de la Flora y Fauna del Valle Templado de Yungay, Adecoffy, financiado por el Fondo de Protecci\u00f3n Ambiental del Ministerio de Medio Ambiente.<\/p>\n<p style=\"text-align: justify;\">En la instancia, que cont\u00f3 con la presencia del SEREMI de Medio Ambiente, Mario Rivas; el administrador municipal, Guillermo Saavedra, en representaci\u00f3n del Alcalde, se destac\u00f3 el trabajo que se desarrolla en la comuna, en coordinaci\u00f3n con las diferentes instituciones preocupadas del cuidado de nuestro entorno ambiental.<\/p>\n<p style=\"text-align: justify;\">El proyecto consider\u00f3 la entrega de kit de eficiencia energ\u00e9tica, luego que los usuarios recibieron la respectiva capacitaci\u00f3n, por parte del encargado de asuntos ambientales del municipio, Leonardo Tapia.<\/p>\n","protected":false},"excerpt":{"rendered":"<p>Yungay, diciembre 2022: Se realiz\u00f3 el cierre del proyecto \u00abDifundiendo la Emergencia Clim\u00e1tica desde el CAC Yungay\u201d, ejecutado por la Agrupaci\u00f3n de Defensa y Conservaci\u00f3n de la Flora y Fauna del Valle Templado de&#46;&#46;&#46;<\/p>\n","protected":false},"author":2,"featured_media":27384,"comment_status":"closed","ping_status":"open","sticky":false,"template":"","format":"standard","meta":{"footnotes":""},"categories":[1],"tags":[904,1115,8,6,117],"class_list":["post-27383","post","type-post","status-publish","format-standard","has-post-thumbnail","hentry","category-noticias","tag-medio-ambiente","tag-noticias","tag-yungay","tag-yungayino","tag-yungayinocl"],"_links":{"self":[{"href":"https:\/\/www.yungayino.cl\/noticias\/index.php?rest_route=\/wp\/v2\/posts\/27383","targetHints":{"allow":["GET"]}}],"collection":[{"href":"https:\/\/www.yungayino.cl\/noticias\/index.php?rest_route=\/wp\/v2\/posts"}],"about":[{"href":"https:\/\/www.yungayino.cl\/noticias\/index.php?rest_route=\/wp\/v2\/types\/post"}],"author":[{"embeddable":true,"href":"https:\/\/www.yungayino.cl\/noticias\/index.php?rest_route=\/wp\/v2\/users\/2"}],"replies":[{"embeddable":true,"href":"https:\/\/www.yungayino.cl\/noticias\/index.php?rest_route=%2Fwp%2Fv2%2Fcomments&post=27383"}],"version-history":[{"count":1,"href":"https:\/\/www.yungayino.cl\/noticias\/index.php?rest_route=\/wp\/v2\/posts\/27383\/revisions"}],"predecessor-version":[{"id":27385,"href":"https:\/\/www.yungayino.cl\/noticias\/index.php?rest_route=\/wp\/v2\/posts\/27383\/revisions\/27385"}],"wp:featuredmedia":[{"embeddable":true,"href":"https:\/\/www.yungayino.cl\/noticias\/index.php?rest_route=\/wp\/v2\/media\/27384"}],"wp:attachment":[{"href":"https:\/\/www.yungayino.cl\/noticias\/index.php?rest_route=%2Fwp%2Fv2%2Fmedia&parent=27383"}],"wp:term":[{"taxonomy":"category","embeddable":true,"href":"https:\/\/www.yungayino.cl\/noticias\/index.php?rest_route=%2Fwp%2Fv2%2Fcategories&post=27383"},{"taxonomy":"post_tag","embeddable":true,"href":"https:\/\/www.yungayino.cl\/noticias\/index.php?rest_route=%2Fwp%2Fv2%2Ftags&post=27383"}],"curies":[{"name":"wp","href":"https:\/\/api.w.org\/{rel}","templated":true}]}}