{"id":27395,"date":"2022-12-22T07:00:03","date_gmt":"2022-12-22T11:00:03","guid":{"rendered":"http:\/\/www.yungayino.cl\/noticias\/?p=27395"},"modified":"2022-12-15T15:57:44","modified_gmt":"2022-12-15T19:57:44","slug":"autoridades-de-salud-de-nuble-bio-bio-y-araucania-se-reunieron-en-consejo-de-coordinacion-de-la-macrorregion-sur","status":"publish","type":"post","link":"https:\/\/www.yungayino.cl\/noticias\/?p=27395","title":{"rendered":"Autoridades de Salud de \u00d1uble, B\u00edo B\u00edo y Araucan\u00eda se Reunieron en Consejo de Coordinaci\u00f3n de la Macrorregi\u00f3n Sur"},"content":{"rendered":"<p><img loading=\"lazy\" decoding=\"async\" class=\"alignnone wp-image-27396 size-full\" src=\"http:\/\/www.yungayino.cl\/noticias\/wp-content\/uploads\/2022\/12\/Macrorregion-Sur.jpg\" alt=\"\" width=\"700\" height=\"350\" srcset=\"https:\/\/www.yungayino.cl\/noticias\/wp-content\/uploads\/2022\/12\/Macrorregion-Sur.jpg 700w, https:\/\/www.yungayino.cl\/noticias\/wp-content\/uploads\/2022\/12\/Macrorregion-Sur-300x150.jpg 300w\" sizes=\"auto, (max-width: 700px) 100vw, 700px\" \/><\/p>\n<p style=\"text-align: justify;\">Diciembre 202: El encuentro tuvo por objetivo reactivar un espacio de trabajo que permite abordar de manera conjunta las oportunidades y desaf\u00edos de la gesti\u00f3n sanitaria de los mencionados territorios. En la jornada participaron jefes de divisi\u00f3n de la Subsecretar\u00eda de Redes Asistenciales, directivos de los Servicios de Salud, representantes de Fonasa y las y los Seremis de Salud.<\/p>\n<p style=\"text-align: justify;\">Luego de dos a\u00f1os sin reuniones presenciales, directivos y directivas de los Servicios de Salud de \u00d1uble, B\u00edo B\u00edo, Concepci\u00f3n, Arauco, Talcahuano y Araucan\u00eda Norte, participaron de una nueva sesi\u00f3n del Consejo de la Macrorregi\u00f3n Sur.<\/p>\n<p style=\"text-align: justify;\">La instancia, tuvo por objetivo revisar el trabajo realizado, pero tambi\u00e9n, abordar los logros y desaf\u00edos de quienes brindan prestaciones de salud desde \u00d1uble hasta la Araucan\u00eda, analizando las prioridades del Gobierno en la gesti\u00f3n sanitaria y los principales \u00e9nfasis de la labor durante este per\u00edodo.<\/p>\n<p style=\"text-align: justify;\">Al respecto, la Coordinadora de la Macrozona Sur, y Directora (s) del Servicio de Salud \u00d1uble, Elizabeth Abarca Trivi\u00f1o, destac\u00f3 la importancia de retomar estas instancias de coordinaci\u00f3n, en pos del desarrollo del sistema p\u00fablico de salud. \u201cHoy nos hemos reunido como Macrorregi\u00f3n Sur, junto a representantes del Ministerio de Salud, quienes han venido a trabajar con nosotros las distintas l\u00edneas estrat\u00e9gicas que se enmarcan para este plan 2023, y tambi\u00e9n para construir alianzas entre los distintos servicios de salud que forman marte de esta Macrorregi\u00f3n, tales como \u00d1uble, Concepci\u00f3n, Talcahuano, B\u00edo B\u00edo, Arauco y Araucan\u00eda Norte\u201d, destac\u00f3.<\/p>\n<p style=\"text-align: justify;\">Asimismo, la directiva enfatiz\u00f3 que, \u201cen particular trabajamos en distintos temas que forman parte de los ejes estrat\u00e9gicos de Gobierno, siendo las m\u00e1s claves abordar, localmente, los tiempos de espera, la reforma a la salud y tambi\u00e9n la gran problem\u00e1tica de salud mental que nos aqueja\u201d.<\/p>\n<p style=\"text-align: justify;\">Por su parte, la Dra. Fabiola Jaramillo Castell, Jefa de la Divisi\u00f3n de Gesti\u00f3n de Redes Asistenciales (DIGERA), relev\u00f3 que \u201clas autoridades ministeriales han pedido que desde las redes asistenciales tengamos un despliegue territorial, para poder conformar estos Consejos Macrorregionales, y as\u00ed poder articular la red en los distintos niveles de atenci\u00f3n, para dar cuenta de las prioridades de Gobierno. El objetivo de este consejo, es precisamente establecer aquellas l\u00edneas de cooperaci\u00f3n y de colaboraci\u00f3n entre los servicios de salud, de tal manera que podamos integrar la red asistencial, de forma complementaria\u201d.<\/p>\n<p style=\"text-align: justify;\">Una jornada que cont\u00f3 con las intervenciones de distintos jefes de divisi\u00f3n del Ministerio de Salud, quienes expusieron los principales focos de trabajo, en \u00e1reas relacionadas con la Gesti\u00f3n Asistencial; Atenci\u00f3n Primaria; Inversiones y Gesti\u00f3n y Desarrollo de las Personas y las Prioridades Sanitarias del 2023; presentaci\u00f3n liderada por el Seremi de Salud del B\u00edo B\u00edo.<\/p>\n<p style=\"text-align: justify;\">Otro de los aspectos destacados, fue la pronta puesta en marcha del Programa Crece con Orgullo, iniciativa que tiene por finalidad disponer de apoyo en la red de salud a personas, entre 3 a 17 a\u00f1os de edad, cuya identidad no coincide con el g\u00e9nero asignado al nacer, promoviendo la salud f\u00edsica y mental, as\u00ed como tambi\u00e9n potenciando el desarrollo integral, el fortalecimiento y la identificaci\u00f3n de redes de apoyo.<\/p>\n<p style=\"text-align: justify;\">Salud mental y disminuci\u00f3n de los tiempos de espera<\/p>\n<p style=\"text-align: justify;\">Entre las prioridades de la gesti\u00f3n ministerial, tambi\u00e9n se encuentra la disminuci\u00f3n de los tiempos de espera. En esa l\u00ednea, se destacaron iniciativas como el Fondo Extraordinario de Emergencia (FET), que con una inversi\u00f3n superior a los $1.700 millones, financiados por el Ministerio de Salud, ha permitido optimizar el uso de los pabellones de la red asistencial, para dar soluciones a las personas que m\u00e1s tiempo llevan aguardando por prestaciones de salud.<\/p>\n<p style=\"text-align: justify;\">Otros de los aspectos claves, es el fortalecimiento de las prestaciones de salud mental, considerando el incremento de este tipo de patolog\u00edas derivadas de la pandemia; la APS universal, el desaf\u00edo de acercar la salud a los territorios; y la reforma al sistema de salud con \u00e9nfasis en el trabajo coordinado junto a la comunidad.<\/p>\n<p style=\"text-align: justify;\">El encuentro, tambi\u00e9n cont\u00f3 con la presencia de la Seremi de Salud de \u00d1uble, Ximena Salinas y de B\u00edo B\u00edo, Eduardo Barra, adem\u00e1s de representantes de FONASA.<\/p>\n","protected":false},"excerpt":{"rendered":"<p>Diciembre 202: El encuentro tuvo por objetivo reactivar un espacio de trabajo que permite abordar de manera conjunta las oportunidades y desaf\u00edos de la gesti\u00f3n sanitaria de los mencionados territorios. En la jornada participaron&#46;&#46;&#46;<\/p>\n","protected":false},"author":2,"featured_media":27396,"comment_status":"closed","ping_status":"open","sticky":false,"template":"","format":"standard","meta":{"footnotes":""},"categories":[1,1675,1676],"tags":[1115,65,8,6,117],"class_list":["post-27395","post","type-post","status-publish","format-standard","has-post-thumbnail","hentry","category-noticias","category-saludc","category-salud","tag-noticias","tag-salud","tag-yungay","tag-yungayino","tag-yungayinocl"],"_links":{"self":[{"href":"https:\/\/www.yungayino.cl\/noticias\/index.php?rest_route=\/wp\/v2\/posts\/27395","targetHints":{"allow":["GET"]}}],"collection":[{"href":"https:\/\/www.yungayino.cl\/noticias\/index.php?rest_route=\/wp\/v2\/posts"}],"about":[{"href":"https:\/\/www.yungayino.cl\/noticias\/index.php?rest_route=\/wp\/v2\/types\/post"}],"author":[{"embeddable":true,"href":"https:\/\/www.yungayino.cl\/noticias\/index.php?rest_route=\/wp\/v2\/users\/2"}],"replies":[{"embeddable":true,"href":"https:\/\/www.yungayino.cl\/noticias\/index.php?rest_route=%2Fwp%2Fv2%2Fcomments&post=27395"}],"version-history":[{"count":2,"href":"https:\/\/www.yungayino.cl\/noticias\/index.php?rest_route=\/wp\/v2\/posts\/27395\/revisions"}],"predecessor-version":[{"id":27398,"href":"https:\/\/www.yungayino.cl\/noticias\/index.php?rest_route=\/wp\/v2\/posts\/27395\/revisions\/27398"}],"wp:featuredmedia":[{"embeddable":true,"href":"https:\/\/www.yungayino.cl\/noticias\/index.php?rest_route=\/wp\/v2\/media\/27396"}],"wp:attachment":[{"href":"https:\/\/www.yungayino.cl\/noticias\/index.php?rest_route=%2Fwp%2Fv2%2Fmedia&parent=27395"}],"wp:term":[{"taxonomy":"category","embeddable":true,"href":"https:\/\/www.yungayino.cl\/noticias\/index.php?rest_route=%2Fwp%2Fv2%2Fcategories&post=27395"},{"taxonomy":"post_tag","embeddable":true,"href":"https:\/\/www.yungayino.cl\/noticias\/index.php?rest_route=%2Fwp%2Fv2%2Ftags&post=27395"}],"curies":[{"name":"wp","href":"https:\/\/api.w.org\/{rel}","templated":true}]}}