{"id":27431,"date":"2022-12-27T07:00:28","date_gmt":"2022-12-27T11:00:28","guid":{"rendered":"http:\/\/www.yungayino.cl\/noticias\/?p=27431"},"modified":"2022-12-24T12:05:05","modified_gmt":"2022-12-24T16:05:05","slug":"en-segunda-sesion-de-comision-politica-y-tecnica-que-encabeza-dpr-gore-y-seremi-de-la-mujer-presentan-agenda-regional-para-la-igualdad-de-derechos-y-equidad-de-genero-2022-2026","status":"publish","type":"post","link":"https:\/\/www.yungayino.cl\/noticias\/?p=27431","title":{"rendered":"En Segunda Sesi\u00f3n de Comisi\u00f3n Pol\u00edtica y T\u00e9cnica que Encabeza DPR, Gore y Seremi de la Mujer: Presentan Agenda Regional para la Igualdad de Derechos y Equidad de G\u00e9nero 2022-2026"},"content":{"rendered":"<p><img loading=\"lazy\" decoding=\"async\" class=\"alignnone wp-image-27432 size-full\" src=\"http:\/\/www.yungayino.cl\/noticias\/wp-content\/uploads\/2022\/12\/FOTO-2.jpg\" alt=\"\" width=\"700\" height=\"350\" srcset=\"https:\/\/www.yungayino.cl\/noticias\/wp-content\/uploads\/2022\/12\/FOTO-2.jpg 700w, https:\/\/www.yungayino.cl\/noticias\/wp-content\/uploads\/2022\/12\/FOTO-2-300x150.jpg 300w\" sizes=\"auto, (max-width: 700px) 100vw, 700px\" \/><\/p>\n<p style=\"text-align: justify;\">\u00d1uble, diciembre 2022: En el auditorio del Instituto Virginio G\u00f3mez sede Chill\u00e1n, y con la participaci\u00f3n del Delegado Presidencial Gabriel Pradenas; el Gobernador de \u00d1uble, \u00d3scar Cris\u00f3stomo; y la Seremi de la Mujer y la Equidad, Cristina Mart\u00edn junto a parte del gabinete y encargadas\/os de g\u00e9nero de los diversos ministerios, se llev\u00f3 a cabo la ma\u00f1ana de este jueves la Segunda Sesi\u00f3n de la Comisi\u00f3n Regional de Igualdad y Equidad de G\u00e9nero, oportunidad donde se present\u00f3 la Agenda Regional 2022-2026 sobre esta materia.<\/p>\n<p style=\"text-align: justify;\">\u201cPara nuestro Ministerio y para el Gobierno del presidente Boric, plasmar la agenda de g\u00e9nero 2022-2026 es el paso que tenemos que dar como regi\u00f3n para poder incorporar y transversalizar la perspectiva de g\u00e9nero. Este es un trabajo que se hizo de manera colaborativa con todas las serem\u00edas, con todos los servicios asociados y materializa el trabajo que tenemos que empezar durante los pr\u00f3ximos a\u00f1os para disminuir las brechas e inequidades y las barreras existentes en la regi\u00f3n\u201d, detall\u00f3 la Seremi Cristina Mart\u00edn.<\/p>\n<p style=\"text-align: justify;\">Cabe recordar que la Comisi\u00f3n Regional de Igualdad y Equidad de G\u00e9nero se constituy\u00f3 el pasado 15 de junio y desde esa fecha se inici\u00f3 un trabajo entre los diversos servicios y carteras, el cual estuvo encabezado por la Delegaci\u00f3n Presidencial Regional. \u201cPresidir esta segunda comisi\u00f3n sin duda nos levanta hitos que van a marcar la ruta del quehacer y por supuesto instala desaf\u00edos en los cuales debemos aterrizar ciertos elementos que nos permitan que esta hoja de navegaci\u00f3n traspase a todas las institucionalidades que participaron en el levantamiento de esta agenda y tambi\u00e9n extenderla a las otras ramas del sector p\u00fablico, lo que responde al compromiso de nuestro gobierno para enfrentar las distintas brechas\u201d, subray\u00f3 el Delegado Gabriel Pradenas.<\/p>\n<p style=\"text-align: justify;\">Por su parte es el Gobierno Regional, quien tiene un rol pol\u00edtico\/t\u00e9cnico en esta Comisi\u00f3n y es quien se encargar\u00e1 de realizar el seguimiento a la ejecuci\u00f3n de las metas propuestas. \u201cHoy se ha presentado una carta de navegaci\u00f3n que nos parece interesante, con un diagn\u00f3stico claro y con metas y lo que le hemos pedido a los distintos servicios que eso lo traduzcamos en algunas materias m\u00e1s concretas para avanzar r\u00e1pido, entendiendo que esto requiere de cambios culturales, pero creo que la regi\u00f3n puede darse la oportunidad de generar iniciativas que sean irruptivas y que permiten avanzar. Estamos contentos, pero al mismo tiempo con mucha expectativa de lo que va resultar en esta materia\u201d<\/p>\n","protected":false},"excerpt":{"rendered":"<p>\u00d1uble, diciembre 2022: En el auditorio del Instituto Virginio G\u00f3mez sede Chill\u00e1n, y con la participaci\u00f3n del Delegado Presidencial Gabriel Pradenas; el Gobernador de \u00d1uble, \u00d3scar Cris\u00f3stomo; y la Seremi de la Mujer y&#46;&#46;&#46;<\/p>\n","protected":false},"author":2,"featured_media":27432,"comment_status":"closed","ping_status":"open","sticky":false,"template":"","format":"standard","meta":{"footnotes":""},"categories":[1],"tags":[2711,2712,1115,1678,8,6,117],"class_list":["post-27431","post","type-post","status-publish","format-standard","has-post-thumbnail","hentry","category-noticias","tag-igualdad-de-derechos-y-equidad-de-genero","tag-mujer","tag-noticias","tag-nuble","tag-yungay","tag-yungayino","tag-yungayinocl"],"_links":{"self":[{"href":"https:\/\/www.yungayino.cl\/noticias\/index.php?rest_route=\/wp\/v2\/posts\/27431","targetHints":{"allow":["GET"]}}],"collection":[{"href":"https:\/\/www.yungayino.cl\/noticias\/index.php?rest_route=\/wp\/v2\/posts"}],"about":[{"href":"https:\/\/www.yungayino.cl\/noticias\/index.php?rest_route=\/wp\/v2\/types\/post"}],"author":[{"embeddable":true,"href":"https:\/\/www.yungayino.cl\/noticias\/index.php?rest_route=\/wp\/v2\/users\/2"}],"replies":[{"embeddable":true,"href":"https:\/\/www.yungayino.cl\/noticias\/index.php?rest_route=%2Fwp%2Fv2%2Fcomments&post=27431"}],"version-history":[{"count":1,"href":"https:\/\/www.yungayino.cl\/noticias\/index.php?rest_route=\/wp\/v2\/posts\/27431\/revisions"}],"predecessor-version":[{"id":27433,"href":"https:\/\/www.yungayino.cl\/noticias\/index.php?rest_route=\/wp\/v2\/posts\/27431\/revisions\/27433"}],"wp:featuredmedia":[{"embeddable":true,"href":"https:\/\/www.yungayino.cl\/noticias\/index.php?rest_route=\/wp\/v2\/media\/27432"}],"wp:attachment":[{"href":"https:\/\/www.yungayino.cl\/noticias\/index.php?rest_route=%2Fwp%2Fv2%2Fmedia&parent=27431"}],"wp:term":[{"taxonomy":"category","embeddable":true,"href":"https:\/\/www.yungayino.cl\/noticias\/index.php?rest_route=%2Fwp%2Fv2%2Fcategories&post=27431"},{"taxonomy":"post_tag","embeddable":true,"href":"https:\/\/www.yungayino.cl\/noticias\/index.php?rest_route=%2Fwp%2Fv2%2Ftags&post=27431"}],"curies":[{"name":"wp","href":"https:\/\/api.w.org\/{rel}","templated":true}]}}