{"id":27434,"date":"2022-12-28T07:00:20","date_gmt":"2022-12-28T11:00:20","guid":{"rendered":"http:\/\/www.yungayino.cl\/noticias\/?p=27434"},"modified":"2022-12-24T12:15:18","modified_gmt":"2022-12-24T16:15:18","slug":"seremi-de-las-culturas-y-espacios-culturales-de-nuble-resguardan-derechos-de-autor-en-su-programacion-de-verano","status":"publish","type":"post","link":"https:\/\/www.yungayino.cl\/noticias\/?p=27434","title":{"rendered":"Seremi de las Culturas y Espacios Culturales de \u00d1uble Resguardan Derechos de Autor en su Programaci\u00f3n de Verano"},"content":{"rendered":"<p><img loading=\"lazy\" decoding=\"async\" class=\"alignnone wp-image-27435 size-full\" src=\"http:\/\/www.yungayino.cl\/noticias\/wp-content\/uploads\/2022\/12\/entrega-licencias-umbrella.jpg\" alt=\"\" width=\"700\" height=\"350\" srcset=\"https:\/\/www.yungayino.cl\/noticias\/wp-content\/uploads\/2022\/12\/entrega-licencias-umbrella.jpg 700w, https:\/\/www.yungayino.cl\/noticias\/wp-content\/uploads\/2022\/12\/entrega-licencias-umbrella-300x150.jpg 300w\" sizes=\"auto, (max-width: 700px) 100vw, 700px\" \/><\/p>\n<p style=\"text-align: justify;\">\u00d1uble, diciembre 2022: Para fortalecer la programaci\u00f3n art\u00edstico cultural vinculada a la industria audiovisual y resguardar los derechos de autor, la Seremi de las Culturas, las Artes y el Patrimonio de \u00d1uble, a trav\u00e9s de su programa Red Cultura, hizo entrega de Licencias Umbrella Cultural a seis espacios culturales de la regi\u00f3n.<\/p>\n<p style=\"text-align: justify;\">\u201cDurante el verano es muy com\u00fan que los espacios culturales generen programaci\u00f3n art\u00edstica ya sea dentro de los equipamientos o al aire libre. Como Ministerio de las Culturas, las Artes y el Patrimonio estamos apoyando la gesti\u00f3n de los espacios culturales y promoviendo la reactivaci\u00f3n cultural del sector, para ello hemos adquiridos la Licencias Umbrella, que permiten incluir programaci\u00f3n audiovisual cumpliendo los derechos de autor, para entregarlas a los siguientes espacios culturales: Edificio de la cultura de Bulnes, Centro Cultural Municipal de Chill\u00e1n, Casa de la Cultura de R\u00e1nquil, Biblioteca Municipal de El Carmen, Biblioteca municipal de la comuna de Yungay y Teatro Francisco Contreras Valenzuela de Quirihue\u201d, explic\u00f3 la Seremi de las Culturas, las Artes y el Patrimonio, Scarlet Hidalgo Jara.<\/p>\n<p style=\"text-align: justify;\">La Licencia Umbrella, es frecuentemente utilizada para eventos culturales porque autoriza el uso de t\u00edtulos de un vasto repertorio de pel\u00edculas, programas de televisi\u00f3n y otros programas audiovisuales de m\u00e1s de 600 estudios y productores del mundo. Es una soluci\u00f3n para cumplir con la ley del Derecho de Autor y Copyright durante 12 meses y con un aforo permitido de 100 personas por cada funci\u00f3n.<\/p>\n<p style=\"text-align: justify;\">\u201cEsperamos exhibir cine una vez a la semana, por lo cual, cine gratuito y de calidad en verano es algo que se aconseja y se recomienda junto a las distintas actividades que podamos tener en la programaci\u00f3n. El objetivo es crear distintas actividades para las familias y los ni\u00f1os este verano\u201d, declar\u00f3 la directora ejecutiva de la Corporaci\u00f3n Cultural Municipal de Chill\u00e1n a prop\u00f3sito de la licencia entregada para el Centro Cultural Municipal.<\/p>\n<p style=\"text-align: justify;\">\u201cNuestra comuna requiere que nuestros j\u00f3venes puedan ver buen cine. Sabemos que en el verano los j\u00f3venes est\u00e1n en sus casas y los podremos invitar a ver cine a nuestra Biblioteca Municipal\u201d, dij\u00f3 el encargado de cultura de la Municipalidad de El Carmen, Fidel Torres.<\/p>\n<p style=\"text-align: justify;\">\u00c9sta es la licencia m\u00e1s completa y fiable, disponible en m\u00e1s de 40 pa\u00edses y cuenta con el respaldo de la m\u00e1s grande productora y distribuidora de pel\u00edculas que es Holywood Studios, adem\u00e1s de muchas otras organizaciones que trabajan contra la pirater\u00eda. Una vez licenciado, el contenido se puede alquilar, comprar o tomar prestado en una variedad de formatos como DVD, Blu-Ray, descarga, transmisi\u00f3n, entre otros.<\/p>\n<p>&nbsp;<\/p>\n","protected":false},"excerpt":{"rendered":"<p>\u00d1uble, diciembre 2022: Para fortalecer la programaci\u00f3n art\u00edstico cultural vinculada a la industria audiovisual y resguardar los derechos de autor, la Seremi de las Culturas, las Artes y el Patrimonio de \u00d1uble, a trav\u00e9s&#46;&#46;&#46;<\/p>\n","protected":false},"author":2,"featured_media":27435,"comment_status":"closed","ping_status":"open","sticky":false,"template":"","format":"standard","meta":{"footnotes":""},"categories":[1],"tags":[1115,1678,8,6,117],"class_list":["post-27434","post","type-post","status-publish","format-standard","has-post-thumbnail","hentry","category-noticias","tag-noticias","tag-nuble","tag-yungay","tag-yungayino","tag-yungayinocl"],"_links":{"self":[{"href":"https:\/\/www.yungayino.cl\/noticias\/index.php?rest_route=\/wp\/v2\/posts\/27434","targetHints":{"allow":["GET"]}}],"collection":[{"href":"https:\/\/www.yungayino.cl\/noticias\/index.php?rest_route=\/wp\/v2\/posts"}],"about":[{"href":"https:\/\/www.yungayino.cl\/noticias\/index.php?rest_route=\/wp\/v2\/types\/post"}],"author":[{"embeddable":true,"href":"https:\/\/www.yungayino.cl\/noticias\/index.php?rest_route=\/wp\/v2\/users\/2"}],"replies":[{"embeddable":true,"href":"https:\/\/www.yungayino.cl\/noticias\/index.php?rest_route=%2Fwp%2Fv2%2Fcomments&post=27434"}],"version-history":[{"count":1,"href":"https:\/\/www.yungayino.cl\/noticias\/index.php?rest_route=\/wp\/v2\/posts\/27434\/revisions"}],"predecessor-version":[{"id":27436,"href":"https:\/\/www.yungayino.cl\/noticias\/index.php?rest_route=\/wp\/v2\/posts\/27434\/revisions\/27436"}],"wp:featuredmedia":[{"embeddable":true,"href":"https:\/\/www.yungayino.cl\/noticias\/index.php?rest_route=\/wp\/v2\/media\/27435"}],"wp:attachment":[{"href":"https:\/\/www.yungayino.cl\/noticias\/index.php?rest_route=%2Fwp%2Fv2%2Fmedia&parent=27434"}],"wp:term":[{"taxonomy":"category","embeddable":true,"href":"https:\/\/www.yungayino.cl\/noticias\/index.php?rest_route=%2Fwp%2Fv2%2Fcategories&post=27434"},{"taxonomy":"post_tag","embeddable":true,"href":"https:\/\/www.yungayino.cl\/noticias\/index.php?rest_route=%2Fwp%2Fv2%2Ftags&post=27434"}],"curies":[{"name":"wp","href":"https:\/\/api.w.org\/{rel}","templated":true}]}}