{"id":27444,"date":"2022-12-29T07:00:45","date_gmt":"2022-12-29T11:00:45","guid":{"rendered":"http:\/\/www.yungayino.cl\/noticias\/?p=27444"},"modified":"2022-12-24T12:23:33","modified_gmt":"2022-12-24T16:23:33","slug":"roman-velasquez-y-florencia-perez-son-elegidos-como-los-mejores-deportistas-de-nuble-del-2022","status":"publish","type":"post","link":"https:\/\/www.yungayino.cl\/noticias\/?p=27444","title":{"rendered":"Rom\u00e1n Vel\u00e1squez y Florencia P\u00e9rez son Elegidos Como los Mejores Deportistas de \u00d1uble del 2022"},"content":{"rendered":"<p><img loading=\"lazy\" decoding=\"async\" class=\"alignnone wp-image-27445 size-full\" src=\"http:\/\/www.yungayino.cl\/noticias\/wp-content\/uploads\/2022\/12\/deportistas-destacados-2022.jpg\" alt=\"\" width=\"700\" height=\"350\" srcset=\"https:\/\/www.yungayino.cl\/noticias\/wp-content\/uploads\/2022\/12\/deportistas-destacados-2022.jpg 700w, https:\/\/www.yungayino.cl\/noticias\/wp-content\/uploads\/2022\/12\/deportistas-destacados-2022-300x150.jpg 300w\" sizes=\"auto, (max-width: 700px) 100vw, 700px\" \/><\/p>\n<p style=\"text-align: justify;\">\u00d1uble, diciembre 2022: En total, el Mindep-IND premi\u00f3 a 53 deportistas destacados de la temporada.<\/p>\n<p style=\"text-align: justify;\">Con una emotiva ceremonia realizada en el Aula Magna de la Universidad del B\u00edo-B\u00edo en Chill\u00e1n, el Mindep-IND \u00d1uble realiz\u00f3 su tradicional ceremonia de fin de a\u00f1o en la que premia y reconoce a los \u201cDeportistas Destacados\u201d de la temporada, agrupados en las diferentes disciplinas y elegido seg\u00fan sus logros del 2022.<\/p>\n<p style=\"text-align: justify;\">En la oportunidad, el levantador de pesas de la comuna de Bulnes, Rom\u00e1n Vel\u00e1squez, fue distinguido como \u201cEl mejor de los mejores\u201d gracias a su medalla de bronce conseguida en los Juegos Suramericanos de Asunci\u00f3n, donde fue representando a Chile.<\/p>\n<p style=\"text-align: justify;\">\u201cLa verdad no me lo esperaba. Hab\u00eda muchos deportistas de gran nivel, por lo que no pensaba que iba a ser el mejor. Me deja demasiado contento, y es un gran incentivo para lo que viene en mi carrera\u201d, sostuvo Rom\u00e1n, quien pertenece al programa Promesas Chile del Mindep-IND, cuyo polo de desarrollo en halterofilia se encuentra precisamente en Bulnes.<\/p>\n<p style=\"text-align: justify;\">En cuanto al premio al \u201cmejor de los mejores\u201d en deporte paral\u00edmpico, el galvano qued\u00f3 en manos de Florencia P\u00e9rez, tenimesista paral\u00edmpica que este a\u00f1o logr\u00f3 clasificar a los Juegos Para-Panamericanos de Santiago 2023, y con solo 13 a\u00f1os.<\/p>\n<p style=\"text-align: justify;\">\u201cHemos entrenado todos los d\u00edas, en doble jornada, y eso ha permitido que lleguen estos reconocimientos. Estoy orgullosa de haber clasificado a unos Juegos Para-Panamericanos que por primera vez se van a realizar en Chile\u201d, asegur\u00f3 Florencia, que tambi\u00e9n pertenece al programa Promesas Chile.<\/p>\n<p style=\"text-align: justify;\">El resto de los deportistas premiados seg\u00fan sus disciplinas fueron: Jaime Lama (tenis de mesa); H\u00e9ctor Quintana (ciclismo de ruta); Mateo Mendoza (triatl\u00f3n); Vicente Placencia (surf); Florencia Herrera (bmx); Catalina Bravo (atletismo, lanzamiento); Daniela Concha (taekwondo poomsae); Benjam\u00edn Bast\u00edas (taekwondo combate); Gabriel Mu\u00f1oz (atletismo fondo); Leonardo Olate (atletismo salto); y Vicente Lara (atletismo pista).<\/p>\n<p style=\"text-align: justify;\">Tambi\u00e9n se premi\u00f3 a Mauricio Sep\u00falveda (karate kumite); Alejandro Ortiz (karate kata); Mickahela B\u00e1ez (canotaje, canoa); Kelvin Moran (canotaje, kayak); Maida Aguilera (judo); Martina D\u00edaz (nataci\u00f3n); Arturo Lagos (fisicoculturismo); Alejandro Aravena (hockey pat\u00edn); Thomas Alveal (downhill); David S\u00e1nchez (powerlifting); Crist\u00f3bal Guti\u00e9rrez (pat\u00edn carrera); Javiera Valenzuela (patinaje art\u00edstico); Camilo Cifuentes (squash); Delfa Candia (rugby); y Eva Fonseca (kickboxing).<\/p>\n<p style=\"text-align: justify;\">En cuanto a los deportes colectivos, con sus respectivas categor\u00edas damas y varones, los galardonados fueron: Claudio Chand\u00eda y Tamara Fuentes (f\u00fatbol); Araceli Orellana y Richard Plaza (v\u00f3leibol); Ana\u00eds Larenas y Nicol\u00e1s Espinosa (balonmano); Rafaela Arias y Mart\u00edn Vallejos (b\u00e1squetbol).<\/p>\n<p style=\"text-align: justify;\">Los premios de disciplinas paral\u00edmpicas y adaptadas fueron para Marcelo Gonz\u00e1lez (para-canotaje); Florencia P\u00e9rez (para-tenis de mesa); Mauricio Barra (para-atletismo); y Eduardo P\u00e9rez (tenis TAP).<\/p>\n<p style=\"text-align: justify;\">En las categor\u00edas especiales se reconoci\u00f3 por su \u201ctrayectoria deportiva\u201d a Katherine Landeros (halterofilia), Sebasti\u00e1n Navea (taekwondo) y Claudio Iraira (atletismo m\u00e1ster); por \u201ctalento deportivo\u201d a Ignacio Labr\u00edn (ciclismo) y Jean Parra (tenis de mesa); como \u201cproyecci\u00f3n deportiva\u201d a Marco P\u00e9rez (halterofilia); Mathilda Am\u00e9stica (taekwondo poomsae); Vicente Pino (f\u00fatbol).<\/p>\n<p style=\"text-align: justify;\">Por \u00faltimo, tambi\u00e9n se premi\u00f3 a los atletas que tuvieron una destacada participaci\u00f3n en el Sudamericano Escolar disputado en Paraguay: Antonia Wulf; Charlott Monserrat P\u00e9rez y Vicente Lara.<\/p>\n<p style=\"text-align: justify;\">El Seremi del Deporte, Julio Jorquera, concluy\u00f3: \u201cEn total fueron 53 categor\u00edas para reconocer a quienes han dejado en alto el nombre de \u00d1uble, premiando tanto a hombres como mujeres. Esto va en l\u00ednea con el objetivo de equiparar la cancha con una real equidad de g\u00e9nero, uno de los sellos en la gesti\u00f3n de nuestra Ministra Alexandra Benado. Felicitaciones a todas y todos los deportistas por este gran a\u00f1o, y tambi\u00e9n a sus familias que sabemos son un apoyo fundamental, por lo que quisimos que tambi\u00e9n estuvieran presentes. Seguiremos apoyando sus carreras a trav\u00e9s de los programas Promesas Chile y Promesas \u00d1uble\u201d.<\/p>\n<p style=\"text-align: justify;\">\n","protected":false},"excerpt":{"rendered":"<p>\u00d1uble, diciembre 2022: En total, el Mindep-IND premi\u00f3 a 53 deportistas destacados de la temporada. Con una emotiva ceremonia realizada en el Aula Magna de la Universidad del B\u00edo-B\u00edo en Chill\u00e1n, el Mindep-IND \u00d1uble&#46;&#46;&#46;<\/p>\n","protected":false},"author":2,"featured_media":27445,"comment_status":"closed","ping_status":"open","sticky":false,"template":"","format":"standard","meta":{"footnotes":""},"categories":[17,1],"tags":[1120,2714,1115,1678,8,6,117],"class_list":["post-27444","post","type-post","status-publish","format-standard","has-post-thumbnail","hentry","category-deporte","category-noticias","tag-deporte","tag-deportistas-destacados","tag-noticias","tag-nuble","tag-yungay","tag-yungayino","tag-yungayinocl"],"_links":{"self":[{"href":"https:\/\/www.yungayino.cl\/noticias\/index.php?rest_route=\/wp\/v2\/posts\/27444","targetHints":{"allow":["GET"]}}],"collection":[{"href":"https:\/\/www.yungayino.cl\/noticias\/index.php?rest_route=\/wp\/v2\/posts"}],"about":[{"href":"https:\/\/www.yungayino.cl\/noticias\/index.php?rest_route=\/wp\/v2\/types\/post"}],"author":[{"embeddable":true,"href":"https:\/\/www.yungayino.cl\/noticias\/index.php?rest_route=\/wp\/v2\/users\/2"}],"replies":[{"embeddable":true,"href":"https:\/\/www.yungayino.cl\/noticias\/index.php?rest_route=%2Fwp%2Fv2%2Fcomments&post=27444"}],"version-history":[{"count":1,"href":"https:\/\/www.yungayino.cl\/noticias\/index.php?rest_route=\/wp\/v2\/posts\/27444\/revisions"}],"predecessor-version":[{"id":27446,"href":"https:\/\/www.yungayino.cl\/noticias\/index.php?rest_route=\/wp\/v2\/posts\/27444\/revisions\/27446"}],"wp:featuredmedia":[{"embeddable":true,"href":"https:\/\/www.yungayino.cl\/noticias\/index.php?rest_route=\/wp\/v2\/media\/27445"}],"wp:attachment":[{"href":"https:\/\/www.yungayino.cl\/noticias\/index.php?rest_route=%2Fwp%2Fv2%2Fmedia&parent=27444"}],"wp:term":[{"taxonomy":"category","embeddable":true,"href":"https:\/\/www.yungayino.cl\/noticias\/index.php?rest_route=%2Fwp%2Fv2%2Fcategories&post=27444"},{"taxonomy":"post_tag","embeddable":true,"href":"https:\/\/www.yungayino.cl\/noticias\/index.php?rest_route=%2Fwp%2Fv2%2Ftags&post=27444"}],"curies":[{"name":"wp","href":"https:\/\/api.w.org\/{rel}","templated":true}]}}