{"id":27447,"date":"2022-12-31T07:00:27","date_gmt":"2022-12-31T11:00:27","guid":{"rendered":"http:\/\/www.yungayino.cl\/noticias\/?p=27447"},"modified":"2022-12-24T12:30:14","modified_gmt":"2022-12-24T16:30:14","slug":"autoridades-refuerzan-llamado-a-contestar-encuesta-casen-que-presenta-31-de-avance-en-nuble","status":"publish","type":"post","link":"https:\/\/www.yungayino.cl\/noticias\/?p=27447","title":{"rendered":"Autoridades Refuerzan Llamado a Contestar Encuesta  CASEN  que Presenta 31% de Avance en \u00d1uble"},"content":{"rendered":"<p><img loading=\"lazy\" decoding=\"async\" class=\"alignnone wp-image-27448 size-full\" src=\"http:\/\/www.yungayino.cl\/noticias\/wp-content\/uploads\/2022\/12\/encuesta-casem-1.jpg\" alt=\"\" width=\"700\" height=\"525\" srcset=\"https:\/\/www.yungayino.cl\/noticias\/wp-content\/uploads\/2022\/12\/encuesta-casem-1.jpg 700w, https:\/\/www.yungayino.cl\/noticias\/wp-content\/uploads\/2022\/12\/encuesta-casem-1-300x225.jpg 300w, https:\/\/www.yungayino.cl\/noticias\/wp-content\/uploads\/2022\/12\/encuesta-casem-1-200x150.jpg 200w\" sizes=\"auto, (max-width: 700px) 100vw, 700px\" \/><\/p>\n<p style=\"text-align: justify;\">\u00d1uble, diciembre 2022: Con un 31% de avance esta semana, equivalente\u00a0 a 1030 hogares encuestados,\u00a0 se desarrolla en \u00d1uble el levantamiento de la Encuesta de Caracterizaci\u00f3n Socioecon\u00f3mica Nacional, CASEN, instrumento oficial para medir la pobreza por ingresos y la pobreza multidimensional en Chile.<\/p>\n<p style=\"text-align: justify;\">As\u00ed lo informaron esta jornada\u00a0 el delegado presidencial regional, Gabriel Pradenas; la seremi de Desarrollo Social y Familia, Marta Carvajal, y su par de Gobierno, Valentina Pradenas, quienes en dicho contexto realizaron un amplio llamado a la ciudadan\u00eda a participar de este proceso que se extender\u00e1 en modalidad presencial, hasta el 31 de enero de 2023.<\/p>\n<p style=\"text-align: justify;\">\u201cAc\u00e1 en \u00d1uble estamos con porcentajes de rechazo que van desde un 10% a un 20%, dependiendo de la\u00a0 comuna, por lo tanto, necesitamos ir sumando,\u00a0 porque si bien vamos avanzando en\u00a0 un porcentaje de respuesta superior al 30%,\u00a0\u00a0 necesitamos que la tasa de rechazo disminuya,\u201d afirm\u00f3 Marta Carvajal, seremi de Desarrollo Social y Familia,\u00a0 quien agreg\u00f3 que\u00a0 entre las comunas que presentan mayor taza de rechazo de la encuesta se encuentran Chill\u00e1n Viejo, Chill\u00e1n, San Ignacio, San Carlos y Coihueco.<\/p>\n<p style=\"text-align: justify;\">\u201cEstamos levantando los datos de la pobreza por ingresos y de la pobreza multidimensional en \u00d1uble,\u00a0 algo que hab\u00edamos perdido despu\u00e9s de la pandemia,\u00a0 cuando\u00a0 no se hab\u00eda podido medir esta \u00faltima, y que\u00a0 ahora nos\u00a0 va a permitir proyectar y focalizar la pol\u00edtica p\u00fablica\u201d, expres\u00f3 tambi\u00e9n, Marta Carvajal.<\/p>\n<p style=\"text-align: justify;\">En esa l\u00ednea, el delegado presidencial, Gabriel Pradenas, manifest\u00f3 que\u00a0 \u201cqueremos hacer el llamado a la comunidad porque las\u00a0 dimensiones\u00a0 que son abordadas en CASEN tienen que ver con dimensiones asociadas a Salud,\u00a0 Vivienda, Educaci\u00f3n, lo que nos permitir\u00e1\u00a0 generar una\u00a0 fotograf\u00eda m\u00e1s detallada respecto de la condici\u00f3n en la que hoy d\u00eda est\u00e1 la Regi\u00f3n de \u00d1uble, cu\u00e1nto nos ha afectado el fen\u00f3meno de la pandemia,\u00a0 y tambi\u00e9n,\u00a0 para saber\u00a0 y determinar cu\u00e1les son los \u00e9nfasis que debemos levantar como regi\u00f3n\u201d, sostuvo.<\/p>\n<p style=\"text-align: justify;\">Por su parte, la\u00a0 seremi\u00a0 de Gobierno, Valentina Pradenas, destac\u00f3 que\u00a0 \u201cqueremos hacer un llamado a toda la poblaci\u00f3n \u00f1ublensina, de las 21 comunas de nuestra regi\u00f3n,\u00a0 a que puedan abrir la puerta a los encuestadores\u00a0 que andan recopilando informaci\u00f3n necesaria, porque la verdad es que muchas veces nos quejamos que creemos que\u00a0 las pol\u00edticas p\u00fablicas se implementan\u00a0 a nivel central sin el sentido de pertinencia que estas requieren para nuestra regi\u00f3n, y la importancia de esta encuesta Casen es que con estas respuestas que se recopilen vamos a poder crear\u00a0 las pol\u00edticas p\u00fablicas con sentido de pertinencia entendiendo las necesidades que tienen nuestros \u00f1ublensinos y \u00f1ublensinas\u201d, afirm\u00f3.<\/p>\n<p style=\"text-align: justify;\">En detalle y de acuerdo a datos aportados por el\u00a0 Centro de Microdatos (CMD) de la Facultad de Econom\u00eda y Negocios (FEN) de la Universidad de Chile, entidad que se encuentra ejecutando CASEN, junto con el\u00a0 Ministerio de Desarrollo Social y Familia, las comunas que en la Regi\u00f3n de \u00d1uble presentan un\u00a0 menor porcentaje de avance corresponden a Chill\u00e1n, con un\u00a0 31,5% de avance respecto a su muestra objetivo de 1186 hogares,\u00a0 y con una tasa de rechazo de 11,4%;\u00a0 Chill\u00e1n Viejo, que presenta\u00a0 un 39,2% de avance respecto a su muestra objetivo que es de 204 hogares, y con una tasa de rechazo de 24,3%; San Carlos, con un porcentaje de avance de\u00a0 33,4% respecto a su muestra objetivo de\u00a0 344 hogares y\u00a0 una tasa de rechazo de 12,4% ; San Ignacio, con\u00a0 avance de 21,9% y un 8,5%\u00a0 en tasa de rechazo; y Coihueco\u00a0 que presenta un avance de 27,3% respecto a su muestra objetivo de 161 hogares y un porcentaje de rechazo de 13%.<\/p>\n<p style=\"text-align: justify;\">En CASEN 2022 la muestra objetivo nacional es de 71.028 viviendas, mientras que a nivel regional, la poblaci\u00f3n objetivo la conforman 3319 hogares.<\/p>\n","protected":false},"excerpt":{"rendered":"<p>\u00d1uble, diciembre 2022: Con un 31% de avance esta semana, equivalente\u00a0 a 1030 hogares encuestados,\u00a0 se desarrolla en \u00d1uble el levantamiento de la Encuesta de Caracterizaci\u00f3n Socioecon\u00f3mica Nacional, CASEN, instrumento oficial para medir la&#46;&#46;&#46;<\/p>\n","protected":false},"author":2,"featured_media":27449,"comment_status":"closed","ping_status":"open","sticky":false,"template":"","format":"standard","meta":{"footnotes":""},"categories":[1],"tags":[2715,1115,1678,8,6,117],"class_list":["post-27447","post","type-post","status-publish","format-standard","has-post-thumbnail","hentry","category-noticias","tag-encuesta-casem","tag-noticias","tag-nuble","tag-yungay","tag-yungayino","tag-yungayinocl"],"_links":{"self":[{"href":"https:\/\/www.yungayino.cl\/noticias\/index.php?rest_route=\/wp\/v2\/posts\/27447","targetHints":{"allow":["GET"]}}],"collection":[{"href":"https:\/\/www.yungayino.cl\/noticias\/index.php?rest_route=\/wp\/v2\/posts"}],"about":[{"href":"https:\/\/www.yungayino.cl\/noticias\/index.php?rest_route=\/wp\/v2\/types\/post"}],"author":[{"embeddable":true,"href":"https:\/\/www.yungayino.cl\/noticias\/index.php?rest_route=\/wp\/v2\/users\/2"}],"replies":[{"embeddable":true,"href":"https:\/\/www.yungayino.cl\/noticias\/index.php?rest_route=%2Fwp%2Fv2%2Fcomments&post=27447"}],"version-history":[{"count":1,"href":"https:\/\/www.yungayino.cl\/noticias\/index.php?rest_route=\/wp\/v2\/posts\/27447\/revisions"}],"predecessor-version":[{"id":27450,"href":"https:\/\/www.yungayino.cl\/noticias\/index.php?rest_route=\/wp\/v2\/posts\/27447\/revisions\/27450"}],"wp:featuredmedia":[{"embeddable":true,"href":"https:\/\/www.yungayino.cl\/noticias\/index.php?rest_route=\/wp\/v2\/media\/27449"}],"wp:attachment":[{"href":"https:\/\/www.yungayino.cl\/noticias\/index.php?rest_route=%2Fwp%2Fv2%2Fmedia&parent=27447"}],"wp:term":[{"taxonomy":"category","embeddable":true,"href":"https:\/\/www.yungayino.cl\/noticias\/index.php?rest_route=%2Fwp%2Fv2%2Fcategories&post=27447"},{"taxonomy":"post_tag","embeddable":true,"href":"https:\/\/www.yungayino.cl\/noticias\/index.php?rest_route=%2Fwp%2Fv2%2Ftags&post=27447"}],"curies":[{"name":"wp","href":"https:\/\/api.w.org\/{rel}","templated":true}]}}