{"id":27454,"date":"2022-12-30T08:00:03","date_gmt":"2022-12-30T12:00:03","guid":{"rendered":"http:\/\/www.yungayino.cl\/noticias\/?p=27454"},"modified":"2022-12-24T12:39:52","modified_gmt":"2022-12-24T16:39:52","slug":"seremi-del-medio-ambiente-impulsa-la-recuperacion-de-espacios-en-nuble-de-la-mano-con-la-comunidad","status":"publish","type":"post","link":"https:\/\/www.yungayino.cl\/noticias\/?p=27454","title":{"rendered":"Seremi del Medio Ambiente Impulsa la Recuperaci\u00f3n de Espacios en \u00d1uble de la Mano con la Comunidad"},"content":{"rendered":"<p><img loading=\"lazy\" decoding=\"async\" class=\"alignnone wp-image-27455 size-full\" src=\"http:\/\/www.yungayino.cl\/noticias\/wp-content\/uploads\/2022\/12\/Cierre-FPA-Huellas-de-Diguillin.jpg\" alt=\"\" width=\"700\" height=\"349\" srcset=\"https:\/\/www.yungayino.cl\/noticias\/wp-content\/uploads\/2022\/12\/Cierre-FPA-Huellas-de-Diguillin.jpg 700w, https:\/\/www.yungayino.cl\/noticias\/wp-content\/uploads\/2022\/12\/Cierre-FPA-Huellas-de-Diguillin-300x150.jpg 300w, https:\/\/www.yungayino.cl\/noticias\/wp-content\/uploads\/2022\/12\/Cierre-FPA-Huellas-de-Diguillin-301x150.jpg 301w\" sizes=\"auto, (max-width: 700px) 100vw, 700px\" \/><\/p>\n<p style=\"text-align: justify;\">\u00d1uble, diciembre 2022: Un trabajo ejemplar es el que est\u00e1n realizando los vecinos del sector de Pueblo Seco, en la comuna de San Ignacio, a trav\u00e9s del proyecto \u201cRecuperando espacios verdes: Estadio Pueblo Seco\u201d, ejecutado a trav\u00e9s de los Fondos de Protecci\u00f3n Ambiental (FPA) 2022 del Ministerio del Medio Ambiente por el Centro Cultural Patrimonial Tur\u00edstico y Deportivo Huellas del Diguill\u00edn.<\/p>\n<p style=\"text-align: justify;\">El objetivo de la iniciativa es la creaci\u00f3n de un \u00e1rea verde al interior del estadio, que fomente la vida en familia, el compartir comunitario, la participaci\u00f3n e involucramiento de las diversas organizaciones existentes en la localidad.<\/p>\n<p style=\"text-align: justify;\">El Delegado Presidencial Regional, Gabriel Pradenas, destac\u00f3 que \u201ccomo Gobierno del Presidente Gabriel Boric, es fundamental la recuperaci\u00f3n de espacios que se encuentran en desuso, otorgando m\u00e1s lugares de esparcimiento, recreaci\u00f3n con la familia y, sobre todo, m\u00e1s seguridad a los vecinos de Pueblo Seco. Destacar que este fue un aporte de 8 millones de pesos por parte del Ministerio del Medio Ambiente, lo que permiti\u00f3 darle una nueva vida a una zona que desde ahora permitir\u00e1 desarrollar m\u00e1s vida en comunidad\u201d.<\/p>\n<p style=\"text-align: justify;\">En esa misma l\u00ednea, el Seremi del Medio Ambiente, Mario Rivas, sostuvo que \u201cestamos muy contentos como Ministerio por el trabajo realizado junto a los vecinos y organizaciones sociales, ya que gracias a ellos se le ha dado una nueva cara al sector. Es importante seguir fortaleciendo estos espacios sustentables e inclusivos, y por eso la educaci\u00f3n ambiental tambi\u00e9n fue clave en el proyecto, promoviendo el reciclaje, compostaje y cuidado de nuestro ecosistema para que as\u00ed todos puedan tener una mejor calidad de vida\u201d.<\/p>\n<p style=\"text-align: justify;\">Por su parte, Nayadeth Quintana, Presidenta del Centro Cultural \u2018Huellas del Diguill\u00edn\u201d, enfatiz\u00f3 que \u201cFue una experiencia super enriquecedora para nuestro grupo y yo me siento orgullosa de lo que hemos logrado como equipo, porque igual llevar a cabo un proyecto as\u00ed, si se ve por el lado privado, esta plaza podr\u00eda estar avaluada en 30 millones de pesos aproximadamente, y todo este trabajo lo logramos hacer con 8 millones. Tambi\u00e9n tiene que ver con la educaci\u00f3n ambiental llevada a cabo, pero creo que fue un trabajo bien reconfortante para nosotros y para nuestros vecinos, a quienes invitamos a cuidar este espacio que es necesario que lo mantengamos as\u00ed\u201d.<\/p>\n<p style=\"text-align: justify;\">Precisamente, el espacio ha sido construido e implementado en un \u00e1rea verde de una dimensi\u00f3n aproximada de 630 m<sup>2<\/sup>, la que incluye c\u00e9sped de un 30% del \u00e1rea del proyecto, flores, arbustos ornamentales, senderos peatonales, plantaci\u00f3n de \u00e1rboles nativos, bancas, basureros con clasificaci\u00f3n de residuos, focos led solares, bicicleteros y acceso universal para personas en situaci\u00f3n de discapacidad. El riego del \u00e1rea verde se realiza a trav\u00e9s de la instalaci\u00f3n de riego tecnificado a trav\u00e9s de un programador digital que permita hacer un uso eficiente del recurso h\u00eddrico.<\/p>\n<p style=\"text-align: justify;\">Esta iniciativa busc\u00f3 concientizar a los ni\u00f1os, j\u00f3venes, adultos, adultos mayores y personas con discapacidad la importancia del entorno ambiental de la localidad, recuperando un espacio que no solo permitir\u00e1 a los miembros de la comunidad disfrutar de un espacio al aire libre, sino que a trav\u00e9s de las capacitaciones, permiti\u00f3 dejar instalados conocimientos y conductas que sean amigables con el medio ambiente, como lo son el reciclaje, la elaboraci\u00f3n de compost, la importancia de la flora y fauna nativa, y la eficiencia h\u00eddrica.<\/p>\n<p style=\"text-align: justify;\">Recordemos que actualmente se han iniciado otros dos proyectos con recursos de los Fondos de Protecci\u00f3n Ambiental: En Pinto se est\u00e1 ejecutando el proyecto \u201cHuemules Cient\u00edficos: Combatiendo la crisis clim\u00e1tica\u201d, adjudicado por la Fundaci\u00f3n Centro Educativo El Huemul, con un monto de 4.000.000 de pesos. Mientras que en Yungay se est\u00e1 llevando a cabo el proyecto \u201cDifundiendo la Emergencia Clim\u00e1tica desde el CAC Yungay\u201d, a cargo de la Agrupaci\u00f3n de Defensa y Conservaci\u00f3n de la Flora y Fauna del Valle Templado \u2013 Yungay, que cuenta con un financiamiento de $4.000.000.<\/p>\n","protected":false},"excerpt":{"rendered":"<p>\u00d1uble, diciembre 2022: Un trabajo ejemplar es el que est\u00e1n realizando los vecinos del sector de Pueblo Seco, en la comuna de San Ignacio, a trav\u00e9s del proyecto \u201cRecuperando espacios verdes: Estadio Pueblo Seco\u201d,&#46;&#46;&#46;<\/p>\n","protected":false},"author":2,"featured_media":27455,"comment_status":"closed","ping_status":"open","sticky":false,"template":"","format":"standard","meta":{"footnotes":""},"categories":[1],"tags":[904,1115,1678,8,6,117],"class_list":["post-27454","post","type-post","status-publish","format-standard","has-post-thumbnail","hentry","category-noticias","tag-medio-ambiente","tag-noticias","tag-nuble","tag-yungay","tag-yungayino","tag-yungayinocl"],"_links":{"self":[{"href":"https:\/\/www.yungayino.cl\/noticias\/index.php?rest_route=\/wp\/v2\/posts\/27454","targetHints":{"allow":["GET"]}}],"collection":[{"href":"https:\/\/www.yungayino.cl\/noticias\/index.php?rest_route=\/wp\/v2\/posts"}],"about":[{"href":"https:\/\/www.yungayino.cl\/noticias\/index.php?rest_route=\/wp\/v2\/types\/post"}],"author":[{"embeddable":true,"href":"https:\/\/www.yungayino.cl\/noticias\/index.php?rest_route=\/wp\/v2\/users\/2"}],"replies":[{"embeddable":true,"href":"https:\/\/www.yungayino.cl\/noticias\/index.php?rest_route=%2Fwp%2Fv2%2Fcomments&post=27454"}],"version-history":[{"count":1,"href":"https:\/\/www.yungayino.cl\/noticias\/index.php?rest_route=\/wp\/v2\/posts\/27454\/revisions"}],"predecessor-version":[{"id":27456,"href":"https:\/\/www.yungayino.cl\/noticias\/index.php?rest_route=\/wp\/v2\/posts\/27454\/revisions\/27456"}],"wp:featuredmedia":[{"embeddable":true,"href":"https:\/\/www.yungayino.cl\/noticias\/index.php?rest_route=\/wp\/v2\/media\/27455"}],"wp:attachment":[{"href":"https:\/\/www.yungayino.cl\/noticias\/index.php?rest_route=%2Fwp%2Fv2%2Fmedia&parent=27454"}],"wp:term":[{"taxonomy":"category","embeddable":true,"href":"https:\/\/www.yungayino.cl\/noticias\/index.php?rest_route=%2Fwp%2Fv2%2Fcategories&post=27454"},{"taxonomy":"post_tag","embeddable":true,"href":"https:\/\/www.yungayino.cl\/noticias\/index.php?rest_route=%2Fwp%2Fv2%2Ftags&post=27454"}],"curies":[{"name":"wp","href":"https:\/\/api.w.org\/{rel}","templated":true}]}}