{"id":27468,"date":"2022-12-31T07:00:09","date_gmt":"2022-12-31T11:00:09","guid":{"rendered":"http:\/\/www.yungayino.cl\/noticias\/?p=27468"},"modified":"2022-12-30T16:45:16","modified_gmt":"2022-12-30T20:45:16","slug":"conaf-nuble-impulsa-grupo-regional-redd-para-descentralizar-decisiones-sobre-mitigacion-del-cambio-climatico","status":"publish","type":"post","link":"https:\/\/www.yungayino.cl\/noticias\/?p=27468","title":{"rendered":"CONAF \u00d1uble Impulsa Grupo Regional REDD+ Para Descentralizar Decisiones Sobre Mitigaci\u00f3n del Cambio Clim\u00e1tico"},"content":{"rendered":"<p><img loading=\"lazy\" decoding=\"async\" class=\"alignnone wp-image-27469 size-full\" src=\"http:\/\/www.yungayino.cl\/noticias\/wp-content\/uploads\/2022\/12\/conaf-nuble.jpg\" alt=\"\" width=\"700\" height=\"315\" srcset=\"https:\/\/www.yungayino.cl\/noticias\/wp-content\/uploads\/2022\/12\/conaf-nuble.jpg 700w, https:\/\/www.yungayino.cl\/noticias\/wp-content\/uploads\/2022\/12\/conaf-nuble-300x135.jpg 300w, https:\/\/www.yungayino.cl\/noticias\/wp-content\/uploads\/2022\/12\/conaf-nuble-333x150.jpg 333w\" sizes=\"auto, (max-width: 700px) 100vw, 700px\" \/><\/p>\n<p style=\"text-align: justify;\">\u00d1uble, diciembre 2022: Se trata de una instancia de representaci\u00f3n territorial creada en el marco de la Estrategia Nacional de Cambio Clim\u00e1tico y Recursos Vegetacionales de CONAF, que se replicar\u00e1 entre las regiones de Maule y Los Lagos.<\/p>\n<p style=\"text-align: justify;\">Con una serie de talleres informativos entre las regiones de Maule y Los Lagos, la Corporaci\u00f3n Nacional Forestal (CONAF) est\u00e1 impulsando la conformaci\u00f3n de Grupos Regionales REDD+ (Reducci\u00f3n de Emisiones derivadas de la Deforestaci\u00f3n y la Degradaci\u00f3n de los bosques), en el marco de la Estrategia Nacional de Cambio Clim\u00e1tico y Recursos Vegetacionales (ENCCRV).<\/p>\n<p style=\"text-align: justify;\">Se trata de un proceso que busca la descentralizaci\u00f3n de la toma de decisiones de proyectos de intervenci\u00f3n territorial para la mitigaci\u00f3n del cambio clim\u00e1tico en el pa\u00eds. Uno de ellos, el proyecto +Bosques, iniciativa que se ejecuta en conjunto con la Organizaci\u00f3n de las Naciones Unidas para la Alimentaci\u00f3n y la Agricultura (FAO).<\/p>\n<p style=\"text-align: justify;\">En la regi\u00f3n de \u00d1uble, el taller se realiz\u00f3 en el Hotel Isabel Riquelme de Chill\u00e1n, convocando a medio centenar de representantes de municipios, la academia, privados, peque\u00f1os propietarios, servicios del Agro y la sociedad civil.<\/p>\n<p style=\"text-align: justify;\">Norma P\u00e9rez, jefa del Departamento de Conservaci\u00f3n Conservaci\u00f3n de Sistemas Boscosos y Xerof\u00edticos de CONAF \u00d1uble, se\u00f1al\u00f3 que \u201cel taller se aboc\u00f3 a definir las funciones del grupo REDD+, en el marco de la selecci\u00f3n de proyectos y medidas de acci\u00f3n que se ejecuten dentro de la regi\u00f3n para una distribuci\u00f3n justa de beneficios en proyectos como +Bosque\u201d.<\/p>\n<p style=\"text-align: justify;\">El grupo REDD+ Regional podr\u00e1 crear distintas comisiones t\u00e9cnicas con el objetivo de fortalecer y promover el desarrollo de iniciativas y\/o proyectos orientados a abordar las distintas necesidades territoriales y de grupos vulnerables.<\/p>\n<p style=\"text-align: justify;\">Actores involucrados<\/p>\n<p style=\"text-align: justify;\">El seremi de Agricultura, C\u00e9sar Rodr\u00edguez, manifest\u00f3 que \u201ceste proceso participativo,\u00a0 descentralizador en su esencia, generar\u00e1 m\u00e1s calidad y m\u00e1s precisi\u00f3n para abordar los complejos desaf\u00edos que tienen los territorios rurales frente a los efectos del cambio clim\u00e1tico\u201d.<\/p>\n<p style=\"text-align: justify;\">Valeria Mellado, encargada de Turismo Rural, Artesan\u00edas, Agroprocesados y Medio Ambiente de INDAP \u00d1uble, agreg\u00f3 que la instancia \u201cse puede vincular con peque\u00f1os agricultores que quieren una transici\u00f3n r\u00e1pida hacia la agroecolog\u00eda, entendiendo que la reforestaci\u00f3n es parte importante del proceso, sobre todo en el manejo de animales y el bosque\u201d.<\/p>\n<p style=\"text-align: justify;\">Finalmente, el Dr. Manuel S\u00e1nchez, decano de la Facultad de Ciencias Forestales de la Universidad de Concepci\u00f3n, indic\u00f3 que \u201ces una iniciativa que queremos apoyar desde la investigaci\u00f3n aplicada, porque nos interesa la restauraci\u00f3n de ecosistemas degradados, la protecci\u00f3n de suelos, el tema h\u00eddrico y los productos forestales no madereros que constituyen una herramienta fundamental para mejorar los ingresos de la gente en el campo\u201d.<\/p>\n","protected":false},"excerpt":{"rendered":"<p>\u00d1uble, diciembre 2022: Se trata de una instancia de representaci\u00f3n territorial creada en el marco de la Estrategia Nacional de Cambio Clim\u00e1tico y Recursos Vegetacionales de CONAF, que se replicar\u00e1 entre las regiones de&#46;&#46;&#46;<\/p>\n","protected":false},"author":2,"featured_media":27469,"comment_status":"closed","ping_status":"open","sticky":false,"template":"","format":"standard","meta":{"footnotes":""},"categories":[1],"tags":[1115,1678,8,6,117],"class_list":["post-27468","post","type-post","status-publish","format-standard","has-post-thumbnail","hentry","category-noticias","tag-noticias","tag-nuble","tag-yungay","tag-yungayino","tag-yungayinocl"],"_links":{"self":[{"href":"https:\/\/www.yungayino.cl\/noticias\/index.php?rest_route=\/wp\/v2\/posts\/27468","targetHints":{"allow":["GET"]}}],"collection":[{"href":"https:\/\/www.yungayino.cl\/noticias\/index.php?rest_route=\/wp\/v2\/posts"}],"about":[{"href":"https:\/\/www.yungayino.cl\/noticias\/index.php?rest_route=\/wp\/v2\/types\/post"}],"author":[{"embeddable":true,"href":"https:\/\/www.yungayino.cl\/noticias\/index.php?rest_route=\/wp\/v2\/users\/2"}],"replies":[{"embeddable":true,"href":"https:\/\/www.yungayino.cl\/noticias\/index.php?rest_route=%2Fwp%2Fv2%2Fcomments&post=27468"}],"version-history":[{"count":2,"href":"https:\/\/www.yungayino.cl\/noticias\/index.php?rest_route=\/wp\/v2\/posts\/27468\/revisions"}],"predecessor-version":[{"id":27471,"href":"https:\/\/www.yungayino.cl\/noticias\/index.php?rest_route=\/wp\/v2\/posts\/27468\/revisions\/27471"}],"wp:featuredmedia":[{"embeddable":true,"href":"https:\/\/www.yungayino.cl\/noticias\/index.php?rest_route=\/wp\/v2\/media\/27469"}],"wp:attachment":[{"href":"https:\/\/www.yungayino.cl\/noticias\/index.php?rest_route=%2Fwp%2Fv2%2Fmedia&parent=27468"}],"wp:term":[{"taxonomy":"category","embeddable":true,"href":"https:\/\/www.yungayino.cl\/noticias\/index.php?rest_route=%2Fwp%2Fv2%2Fcategories&post=27468"},{"taxonomy":"post_tag","embeddable":true,"href":"https:\/\/www.yungayino.cl\/noticias\/index.php?rest_route=%2Fwp%2Fv2%2Ftags&post=27468"}],"curies":[{"name":"wp","href":"https:\/\/api.w.org\/{rel}","templated":true}]}}