{"id":27482,"date":"2023-01-06T07:00:54","date_gmt":"2023-01-06T11:00:54","guid":{"rendered":"http:\/\/www.yungayino.cl\/noticias\/?p=27482"},"modified":"2022-12-30T16:53:11","modified_gmt":"2022-12-30T20:53:11","slug":"marco-presupuestario-para-el-2023-destina-un-25-a-proyectos-de-infraestructura-publica","status":"publish","type":"post","link":"https:\/\/www.yungayino.cl\/noticias\/?p=27482","title":{"rendered":"Marco Presupuestario Para el 2023 Destina un 25% a Proyectos de Infraestructura P\u00fablica"},"content":{"rendered":"<p><img loading=\"lazy\" decoding=\"async\" class=\"alignnone wp-image-27483 size-full\" src=\"http:\/\/www.yungayino.cl\/noticias\/wp-content\/uploads\/2022\/12\/presupuesto-nuble.jpg\" alt=\"\" width=\"700\" height=\"350\" srcset=\"https:\/\/www.yungayino.cl\/noticias\/wp-content\/uploads\/2022\/12\/presupuesto-nuble.jpg 700w, https:\/\/www.yungayino.cl\/noticias\/wp-content\/uploads\/2022\/12\/presupuesto-nuble-300x150.jpg 300w\" sizes=\"auto, (max-width: 700px) 100vw, 700px\" \/><\/p>\n<p style=\"text-align: justify;\">\u00d1uble, enero 2023: El presupuesto para inversi\u00f3n regional a trav\u00e9s del FNDR durante el 2023, ser\u00e1 de $M64.810.493. Hoy el Consejo Regional aprob\u00f3 por unanimidad la distribuci\u00f3n y la forma en que se ejecutar\u00e1 el presupuesto para el pr\u00f3ximo a\u00f1o<\/p>\n<p style=\"text-align: justify;\">En sesi\u00f3n extraordinaria, el Consejo Regional de \u00d1uble aprob\u00f3 en forma un\u00e1nime el marco presupuestario del Gobierno Regional para el 2023, es decir, la forma en la cual se distribuir\u00e1n los recursos. Para la inversi\u00f3n regional a trav\u00e9s del Fondo Nacional de Desarrollo Regional, FNDR, el monto asciende a $M64.810.493; en tanto para el funcionamiento del servicio se acept\u00f3 la propuesta de $M4.307.129.<\/p>\n<p style=\"text-align: justify;\">Como presidente del Consejo Regional, el Gobernador \u00d3scar Cris\u00f3stomo, agradeci\u00f3 al\u00a0 Consejo\u00a0 est\u00e1 aprobaci\u00f3n un\u00e1nime del marco presupuestario y explic\u00f3 que \u201cpara este a\u00f1o 2023 hemos destinado un 25% de la inversi\u00f3n regional para financiar proyectos de infraestructura p\u00fablica, como la reposici\u00f3n de liceos, construcci\u00f3n de cesfam, conservaci\u00f3n de caminos, construcci\u00f3n de veredas, por mencionar algunos ejemplos, obras que consigo desarrollo a la regi\u00f3n, obras emblem\u00e1ticas y que generar\u00e1n empleo y\u00a0 reactivaci\u00f3n econ\u00f3mica. Y, por otra parte, aumentamos el monto destinado a las Subvenciones para organizaciones sociales a un 8% porque creemos que este tipo de iniciativas tambi\u00e9n responden a las demandas que los \u00f1ublensinos y \u00f1ublensinas necesitan, son iniciativas levantadas desde la sociedad civil y para nosotros eso tiene mucha importancia\u201d.<\/p>\n<p style=\"text-align: justify;\">Para el presidente de la comisi\u00f3n presupuesto y proyectos de inversi\u00f3n, consejero Javier \u00c1vila, rescat\u00f3 esta \u201ces la \u00faltima votaci\u00f3n del a\u00f1o, pero yo creo que es el tema m\u00e1s trascendente para el Consejo Regional para el a\u00f1o 2023, hemos resuelto como Consejo la aprobaci\u00f3n del presupuesto regional para el a\u00f1o 2023 que asciende en el \u00e1mbito de la inversi\u00f3n del Fondo Nacional de Desarrollo Regional a $64.810.493.000. Aqu\u00ed est\u00e1n contemplados los recursos necesarios para seguir financiando proyectos que ya se est\u00e1n ejecutando, para iniciativas nuevas, para las transferencias que tenemos comprometidas con algunos organismos, eso a lo que se refiere a inversi\u00f3n, y tambi\u00e9n hemos aprobado el presupuesto para el funcionamiento del Consejo, todo lo que son por as\u00ed decir los gastos administrativos que llegan a la suma de $4.307.129.000\u201d.<\/p>\n<p style=\"text-align: justify;\">La suma de los programas para gastos de funcionamiento y de inversi\u00f3n regional suma un total de $M69.117.622.<\/p>\n","protected":false},"excerpt":{"rendered":"<p>\u00d1uble, enero 2023: El presupuesto para inversi\u00f3n regional a trav\u00e9s del FNDR durante el 2023, ser\u00e1 de $M64.810.493. Hoy el Consejo Regional aprob\u00f3 por unanimidad la distribuci\u00f3n y la forma en que se ejecutar\u00e1&#46;&#46;&#46;<\/p>\n","protected":false},"author":2,"featured_media":27483,"comment_status":"closed","ping_status":"open","sticky":false,"template":"","format":"standard","meta":{"footnotes":""},"categories":[1],"tags":[1115,1678,8,6,117],"class_list":["post-27482","post","type-post","status-publish","format-standard","has-post-thumbnail","hentry","category-noticias","tag-noticias","tag-nuble","tag-yungay","tag-yungayino","tag-yungayinocl"],"_links":{"self":[{"href":"https:\/\/www.yungayino.cl\/noticias\/index.php?rest_route=\/wp\/v2\/posts\/27482","targetHints":{"allow":["GET"]}}],"collection":[{"href":"https:\/\/www.yungayino.cl\/noticias\/index.php?rest_route=\/wp\/v2\/posts"}],"about":[{"href":"https:\/\/www.yungayino.cl\/noticias\/index.php?rest_route=\/wp\/v2\/types\/post"}],"author":[{"embeddable":true,"href":"https:\/\/www.yungayino.cl\/noticias\/index.php?rest_route=\/wp\/v2\/users\/2"}],"replies":[{"embeddable":true,"href":"https:\/\/www.yungayino.cl\/noticias\/index.php?rest_route=%2Fwp%2Fv2%2Fcomments&post=27482"}],"version-history":[{"count":1,"href":"https:\/\/www.yungayino.cl\/noticias\/index.php?rest_route=\/wp\/v2\/posts\/27482\/revisions"}],"predecessor-version":[{"id":27484,"href":"https:\/\/www.yungayino.cl\/noticias\/index.php?rest_route=\/wp\/v2\/posts\/27482\/revisions\/27484"}],"wp:featuredmedia":[{"embeddable":true,"href":"https:\/\/www.yungayino.cl\/noticias\/index.php?rest_route=\/wp\/v2\/media\/27483"}],"wp:attachment":[{"href":"https:\/\/www.yungayino.cl\/noticias\/index.php?rest_route=%2Fwp%2Fv2%2Fmedia&parent=27482"}],"wp:term":[{"taxonomy":"category","embeddable":true,"href":"https:\/\/www.yungayino.cl\/noticias\/index.php?rest_route=%2Fwp%2Fv2%2Fcategories&post=27482"},{"taxonomy":"post_tag","embeddable":true,"href":"https:\/\/www.yungayino.cl\/noticias\/index.php?rest_route=%2Fwp%2Fv2%2Ftags&post=27482"}],"curies":[{"name":"wp","href":"https:\/\/api.w.org\/{rel}","templated":true}]}}