{"id":27489,"date":"2023-01-09T07:00:03","date_gmt":"2023-01-09T11:00:03","guid":{"rendered":"http:\/\/www.yungayino.cl\/noticias\/?p=27489"},"modified":"2022-12-30T17:00:36","modified_gmt":"2022-12-30T21:00:36","slug":"seremi-de-las-culturas-y-agentes-culturales-de-nuble-lanzan-campana-verano-es-cultura","status":"publish","type":"post","link":"https:\/\/www.yungayino.cl\/noticias\/?p=27489","title":{"rendered":"Seremi de las Culturas y Agentes Culturales de \u00d1uble Lanzan Campa\u00f1a \u201cVerano es Cultura\u201d"},"content":{"rendered":"<p><img loading=\"lazy\" decoding=\"async\" class=\"alignnone wp-image-27490 size-full\" src=\"http:\/\/www.yungayino.cl\/noticias\/wp-content\/uploads\/2022\/12\/verano-es-cultura.jpg\" alt=\"\" width=\"700\" height=\"350\" srcset=\"https:\/\/www.yungayino.cl\/noticias\/wp-content\/uploads\/2022\/12\/verano-es-cultura.jpg 700w, https:\/\/www.yungayino.cl\/noticias\/wp-content\/uploads\/2022\/12\/verano-es-cultura-300x150.jpg 300w\" sizes=\"auto, (max-width: 700px) 100vw, 700px\" \/><\/p>\n<p style=\"text-align: justify;\">\u00d1uble, enero 2023: La iniciativa impulsada por el Ministerio de las Culturas, las Artes y el Patrimonio fue presentada a nivel nacional por el Presidente Gabriel Boric y la Ministra Julieta Brodsky y en todas las regiones del pa\u00eds.<\/p>\n<p style=\"text-align: justify;\">La amplia programaci\u00f3n cultural, art\u00edstica y patrimonial, durante los meses de enero y febrero, y est\u00e1 disponible en Chile_Cultura (<a href=\"https:\/\/eligecultura.gob.cl\/\">ChileCultura.gob.c<\/a>l).<\/p>\n<p style=\"text-align: justify;\">Para muchas personas se acercan las esperadas vacaciones de verano y con ello las ganas de disfrutar del tiempo libre. Festivales de cine, obras de teatro, ferias, visitas a museos y edificios patrimoniales; conciertos, exposiciones, circo y danza son parte de la robusta oferta cultural disponible en el pa\u00eds durante enero y febrero, y todas ellas -que en total suman casi 500- dan vida a Verano es Cultura, iniciativa presentada este mi\u00e9rcoles por el Presidente Gabriel Boric y la ministra de las Culturas, las Artes y el Patrimonio, Julieta Brodsky Hern\u00e1ndez, desde el Parque Quinta Normal.<\/p>\n<p style=\"text-align: justify;\">\u201cLa cultura es lo que le da sentido a nuestra identidad como pa\u00eds. Es la voz de Violeta (Parra), el arte de Banda Conmoci\u00f3n, es el modo en c\u00f3mo se cocina un curanto, es la cueca brava que se baila a\u00fan en las ferias, son los bailes chinos y tantas expresiones que est\u00e1n permanentemente sucediendo. Lo que estamos haciendo con este Verano es Cultura es acercar y dar un espacio para que todas las personas puedan acceder\u201d, dijo el presidente Gabriel Boric.<\/p>\n<p style=\"text-align: justify;\">\u201cComo Gobierno estamos convencidos de que la cultura es una herramienta esencial para el bienestar, para mejorar la calidad de vida de las personas, la recuperaci\u00f3n de los espacios p\u00fablicos, la seguridad de nuestros barrios, la cohesi\u00f3n social de comunidades y territorios. Verano es cultura es una invitaci\u00f3n a todos y a todas a participar y disfrutar de esta gran cartelera de actividades, en todo Chile, a la que pueden acceder en ChileCultura.gob.cl\u201d, afirm\u00f3 la ministra Julieta Brodsky.<\/p>\n<p style=\"text-align: justify;\">A nivel local, la seremi de las Culturas de \u00d1uble, Scarlet Hidalgo Jara, expres\u00f3 que \u201cla cultura nos acompa\u00f1a todo el a\u00f1o, es parte de nuestra vida diaria, son nuestras costumbres y formas de vida y tambi\u00e9n las artes y pr\u00e1cticas patrimoniales a las que podemos acceder en nuestros territorios. Y en verano, las culturas, las artes y el patrimonio toman mayor protagonismo con la programaci\u00f3n art\u00edstica que tendremos desde la Seremi de las Culturas y las diversas instituciones que se vinculan con nosotras a trav\u00e9s de: los Fondos de Culturas, la convocatoria para el Fortalecimiento de la Gesti\u00f3n Cultural Local del Programa Red Cultura, convenios de colaboraci\u00f3n por los programas P\u00fablicos y Territorios y Fortalecimiento de la Identidad Cultural Regional, y del convenio de colaboraci\u00f3n con la Fundaci\u00f3n para la Superaci\u00f3n de la Pobreza, entre otros.<\/p>\n<p style=\"text-align: justify;\">PROGRAMACI\u00d3N<\/p>\n<p style=\"text-align: justify;\">La programaci\u00f3n cultural, art\u00edstica y patrimonial del verano 2023 se podr\u00e1 encontrar en <a href=\"https:\/\/eligecultura.gob.cl\/\">https:\/\/eligecultura.gob.cl\/<\/a> (ex Elige Cultura), plataforma web que cuenta con la mayor oferta de eventos culturales y patrimoniales de todo el territorio con georreferenciaci\u00f3n, diferenciaci\u00f3n por grupos etarios y disciplinas art\u00edsticas.<\/p>\n<p style=\"text-align: justify;\">Las actividades tendr\u00e1n como foco especial a la familia y a las nuevas generaciones, con el fin de instalar a la cultura como un derecho fundamental de ni\u00f1os, ni\u00f1as y j\u00f3venes.<\/p>\n<p style=\"text-align: justify;\">En \u00d1uble, algunas de las actividades que se realizar\u00e1n en enero de 2023 son:<\/p>\n<ul style=\"text-align: justify;\">\n<li>El 5 de enero habr\u00e1 una presentaci\u00f3n de Circo Contempor\u00e1neo en San Ignacio.<\/li>\n<li>El 7 de enero habr\u00e1 Teatro de Marionetas y Objetos \u00abEl r\u00edo nos alimenta\u00bb y el espect\u00e1culo \u201cOpera en la Taberna\u201d en el Centro Cultural de San Carlos.<\/li>\n<li>El 7 de enero comienza el proyecto de itinerancia regional del Fondo de Artes Esc\u00e9nicas \u201cBr\u00fajula Esc\u00e9nica \u00d1uble\u201d que recorrer\u00e1 las comunas de Coihueco, San Nicol\u00e1s, Bulnes y Chill\u00e1n.<\/li>\n<li>Desde el 11 de enero comenzaremos ciclos de cine en las comunas de <strong>Yungay<\/strong>, El Carmen, R\u00e1nquil y Bulnes.<\/li>\n<li>Del 11 al 15 de enero se realizar\u00e1 la 4 versi\u00f3n del Festival de Cine Nacional \u00d1uble en el Teatro Municipal de Chill\u00e1n y en San Fabi\u00e1n, San Carlos y Quirihue con cine al aire libre.<\/li>\n<li>El 14 de enero se desarrollar\u00e1 el Encuentro Cultural de San Ignacio en la localidad de Pueblo Seco organizado por la Fundaci\u00f3n para la Superaci\u00f3n de la Pobreza.<\/li>\n<li>El 20 de enero la obra de teatro \u00abLa Profec\u00eda\u00bb ser\u00e1 en el Centro Cultural de San Carlos<\/li>\n<li>20 de enero tendremos \u201cTardes de Rock\u201d en \u00d1ipas.<\/li>\n<li>22 de enero en Quirihue y 29 de enero en El Carmen se presenta la \u00f3pera \u00abLas Bodas de F\u00edgaro\u00bb.<\/li>\n<li>Del 23 al 27 de enero se presentar\u00e1n las obras creadas a partir de la iniciativa de impacto regional \u201cTerritorios Creativos\u201d. Cada d\u00eda a las 20:30 horas en la Sala L\u00e1zaro C\u00e1rdenas de Chill\u00e1n.<\/li>\n<li>El 26 de enero comienza el ciclo de cine en la ciudad de Chill\u00e1n, organizado por el Centro Cultural Casa Gonzalo Rojas.<\/li>\n<li>26 al 28 de enero ser\u00e1 la Semana Cultural en San Nicol\u00e1s.<\/li>\n<li>El 28 de enero habr\u00e1 circo tradicional y contempor\u00e1neo en R\u00e1nquil.<\/li>\n<li>Durante todo enero y febrero la Agrupaci\u00f3n realizar\u00e1 talleres para la realizaci\u00f3n de murales en las comunas de Bulnes, San Fabi\u00e1n, Trehuaco y Cobquecura.<\/li>\n<\/ul>\n<p style=\"text-align: justify;\">Adem\u00e1s, <strong><a href=\"https:\/\/eligecultura.gob.cl\/\">https:\/\/eligecultura.gob.cl\/<\/a> <\/strong>(ex Elige Cultura) incluir\u00e1 diversos panoramas como Museos en Verano, iniciativa impulsada por el Ministerio de las Culturas que se realizar\u00e1 el pr\u00f3ximo 12 de enero para promover las visitas a los museos y espacios culturales y patrimoniales a lo largo del pa\u00eds durante el per\u00edodo estival.<\/p>\n","protected":false},"excerpt":{"rendered":"<p>\u00d1uble, enero 2023: La iniciativa impulsada por el Ministerio de las Culturas, las Artes y el Patrimonio fue presentada a nivel nacional por el Presidente Gabriel Boric y la Ministra Julieta Brodsky y en&#46;&#46;&#46;<\/p>\n","protected":false},"author":2,"featured_media":27490,"comment_status":"closed","ping_status":"open","sticky":false,"template":"","format":"standard","meta":{"footnotes":""},"categories":[1],"tags":[2294,1115,1678,8,6,117],"class_list":["post-27489","post","type-post","status-publish","format-standard","has-post-thumbnail","hentry","category-noticias","tag-cultura","tag-noticias","tag-nuble","tag-yungay","tag-yungayino","tag-yungayinocl"],"_links":{"self":[{"href":"https:\/\/www.yungayino.cl\/noticias\/index.php?rest_route=\/wp\/v2\/posts\/27489","targetHints":{"allow":["GET"]}}],"collection":[{"href":"https:\/\/www.yungayino.cl\/noticias\/index.php?rest_route=\/wp\/v2\/posts"}],"about":[{"href":"https:\/\/www.yungayino.cl\/noticias\/index.php?rest_route=\/wp\/v2\/types\/post"}],"author":[{"embeddable":true,"href":"https:\/\/www.yungayino.cl\/noticias\/index.php?rest_route=\/wp\/v2\/users\/2"}],"replies":[{"embeddable":true,"href":"https:\/\/www.yungayino.cl\/noticias\/index.php?rest_route=%2Fwp%2Fv2%2Fcomments&post=27489"}],"version-history":[{"count":2,"href":"https:\/\/www.yungayino.cl\/noticias\/index.php?rest_route=\/wp\/v2\/posts\/27489\/revisions"}],"predecessor-version":[{"id":27492,"href":"https:\/\/www.yungayino.cl\/noticias\/index.php?rest_route=\/wp\/v2\/posts\/27489\/revisions\/27492"}],"wp:featuredmedia":[{"embeddable":true,"href":"https:\/\/www.yungayino.cl\/noticias\/index.php?rest_route=\/wp\/v2\/media\/27490"}],"wp:attachment":[{"href":"https:\/\/www.yungayino.cl\/noticias\/index.php?rest_route=%2Fwp%2Fv2%2Fmedia&parent=27489"}],"wp:term":[{"taxonomy":"category","embeddable":true,"href":"https:\/\/www.yungayino.cl\/noticias\/index.php?rest_route=%2Fwp%2Fv2%2Fcategories&post=27489"},{"taxonomy":"post_tag","embeddable":true,"href":"https:\/\/www.yungayino.cl\/noticias\/index.php?rest_route=%2Fwp%2Fv2%2Ftags&post=27489"}],"curies":[{"name":"wp","href":"https:\/\/api.w.org\/{rel}","templated":true}]}}