{"id":27497,"date":"2022-12-28T12:00:11","date_gmt":"2022-12-28T16:00:11","guid":{"rendered":"http:\/\/www.yungayino.cl\/noticias\/?p=27497"},"modified":"2022-12-30T17:13:25","modified_gmt":"2022-12-30T21:13:25","slug":"subdere-presenta-programa-sate-de-servicio-de-asistencia-tecnica-especializada-para-municipalidades","status":"publish","type":"post","link":"https:\/\/www.yungayino.cl\/noticias\/?p=27497","title":{"rendered":"SUBDERE Presenta Programa SATE de Servicio de Asistencia T\u00e9cnica Especializada para Municipalidades"},"content":{"rendered":"<p><img loading=\"lazy\" decoding=\"async\" class=\"alignnone wp-image-27498 size-full\" src=\"http:\/\/www.yungayino.cl\/noticias\/wp-content\/uploads\/2022\/12\/subdere.jpg\" alt=\"\" width=\"700\" height=\"400\" srcset=\"https:\/\/www.yungayino.cl\/noticias\/wp-content\/uploads\/2022\/12\/subdere.jpg 700w, https:\/\/www.yungayino.cl\/noticias\/wp-content\/uploads\/2022\/12\/subdere-300x171.jpg 300w, https:\/\/www.yungayino.cl\/noticias\/wp-content\/uploads\/2022\/12\/subdere-263x150.jpg 263w\" sizes=\"auto, (max-width: 700px) 100vw, 700px\" \/><\/p>\n<p style=\"text-align: justify;\">Yungay, diciembre 2022: El programa SATE pone a disposici\u00f3n un equipo de profesionales para apoyar la elaboraci\u00f3n y ejecuci\u00f3n de proyectos para ser financiados por la Subsecretar\u00eda de Desarrollo Regional.<\/p>\n<p style=\"text-align: justify;\">El alcalde, Rafael Cifuentes Rodr\u00edguez junto al Coordinador Regional SUBDERE y profesionales del SATE, realizaron una priorizaci\u00f3n de iniciativas para una nueva cartera de proyectos a ejecutarse en la comuna durante el 2023.<\/p>\n<p style=\"text-align: justify;\">\u201cYungay es una de las 12 comunas que ser\u00e1 beneficiada con el programa SATE en la regi\u00f3n de \u00d1uble\u201d confirm\u00f3 el alcalde. \u201cGracias a nuestra gesti\u00f3n, hemos tenido una gran comunicaci\u00f3n con la SUBDERE y este apoyo significar\u00e1 para la comuna avanzar de manera m\u00e1s segura en beneficio de las yungayinas y yungayinos\u201d a\u00f1adi\u00f3.<\/p>\n","protected":false},"excerpt":{"rendered":"<p>Yungay, diciembre 2022: El programa SATE pone a disposici\u00f3n un equipo de profesionales para apoyar la elaboraci\u00f3n y ejecuci\u00f3n de proyectos para ser financiados por la Subsecretar\u00eda de Desarrollo Regional. El alcalde, Rafael Cifuentes&#46;&#46;&#46;<\/p>\n","protected":false},"author":2,"featured_media":27498,"comment_status":"closed","ping_status":"open","sticky":false,"template":"","format":"standard","meta":{"footnotes":""},"categories":[1],"tags":[1115,1714,8,6,117],"class_list":["post-27497","post","type-post","status-publish","format-standard","has-post-thumbnail","hentry","category-noticias","tag-noticias","tag-subdere","tag-yungay","tag-yungayino","tag-yungayinocl"],"_links":{"self":[{"href":"https:\/\/www.yungayino.cl\/noticias\/index.php?rest_route=\/wp\/v2\/posts\/27497","targetHints":{"allow":["GET"]}}],"collection":[{"href":"https:\/\/www.yungayino.cl\/noticias\/index.php?rest_route=\/wp\/v2\/posts"}],"about":[{"href":"https:\/\/www.yungayino.cl\/noticias\/index.php?rest_route=\/wp\/v2\/types\/post"}],"author":[{"embeddable":true,"href":"https:\/\/www.yungayino.cl\/noticias\/index.php?rest_route=\/wp\/v2\/users\/2"}],"replies":[{"embeddable":true,"href":"https:\/\/www.yungayino.cl\/noticias\/index.php?rest_route=%2Fwp%2Fv2%2Fcomments&post=27497"}],"version-history":[{"count":1,"href":"https:\/\/www.yungayino.cl\/noticias\/index.php?rest_route=\/wp\/v2\/posts\/27497\/revisions"}],"predecessor-version":[{"id":27499,"href":"https:\/\/www.yungayino.cl\/noticias\/index.php?rest_route=\/wp\/v2\/posts\/27497\/revisions\/27499"}],"wp:featuredmedia":[{"embeddable":true,"href":"https:\/\/www.yungayino.cl\/noticias\/index.php?rest_route=\/wp\/v2\/media\/27498"}],"wp:attachment":[{"href":"https:\/\/www.yungayino.cl\/noticias\/index.php?rest_route=%2Fwp%2Fv2%2Fmedia&parent=27497"}],"wp:term":[{"taxonomy":"category","embeddable":true,"href":"https:\/\/www.yungayino.cl\/noticias\/index.php?rest_route=%2Fwp%2Fv2%2Fcategories&post=27497"},{"taxonomy":"post_tag","embeddable":true,"href":"https:\/\/www.yungayino.cl\/noticias\/index.php?rest_route=%2Fwp%2Fv2%2Ftags&post=27497"}],"curies":[{"name":"wp","href":"https:\/\/api.w.org\/{rel}","templated":true}]}}