{"id":27504,"date":"2023-01-05T07:00:44","date_gmt":"2023-01-05T11:00:44","guid":{"rendered":"http:\/\/www.yungayino.cl\/noticias\/?p=27504"},"modified":"2023-01-04T21:14:59","modified_gmt":"2023-01-05T01:14:59","slug":"certificacion-programa-emprendemos-semilla","status":"publish","type":"post","link":"https:\/\/www.yungayino.cl\/noticias\/?p=27504","title":{"rendered":"Certificaci\u00f3n Programa Emprendemos Semilla"},"content":{"rendered":"<p><img loading=\"lazy\" decoding=\"async\" class=\"alignnone wp-image-27505 size-full\" src=\"http:\/\/www.yungayino.cl\/noticias\/wp-content\/uploads\/2023\/01\/programa-emprendemos-semilla.jpg\" alt=\"\" width=\"700\" height=\"350\" srcset=\"https:\/\/www.yungayino.cl\/noticias\/wp-content\/uploads\/2023\/01\/programa-emprendemos-semilla.jpg 700w, https:\/\/www.yungayino.cl\/noticias\/wp-content\/uploads\/2023\/01\/programa-emprendemos-semilla-300x150.jpg 300w\" sizes=\"auto, (max-width: 700px) 100vw, 700px\" \/><\/p>\n<p style=\"text-align: justify;\">Yungay, enero 2023: Se realiz\u00f3 la Ceremonia de certificaci\u00f3n del Programa Emprendamos Semilla, de las comunas Del Carmen, Pemuco y Yungay.<\/p>\n<p style=\"text-align: justify;\">Este beneficio fue dirigido a 15 usuarias del programa Familia Seguridad y oportunidades durante 8 meses que duro el Proyecto.<\/p>\n<p style=\"text-align: justify;\">A la ceremonia asistieron autoridades de la regi\u00f3n de \u00d1uble junto al Alcalde Sr. Rafael Cifuentes Rodr\u00edguez y la Directora del Departamento de desarrollo comunal Sra. Pamela Jeves Acu\u00f1a.<\/p>\n","protected":false},"excerpt":{"rendered":"<p>Yungay, enero 2023: Se realiz\u00f3 la Ceremonia de certificaci\u00f3n del Programa Emprendamos Semilla, de las comunas Del Carmen, Pemuco y Yungay. Este beneficio fue dirigido a 15 usuarias del programa Familia Seguridad y oportunidades&#46;&#46;&#46;<\/p>\n","protected":false},"author":2,"featured_media":27505,"comment_status":"closed","ping_status":"open","sticky":false,"template":"","format":"standard","meta":{"footnotes":""},"categories":[1],"tags":[1115,2718,8,6,117],"class_list":["post-27504","post","type-post","status-publish","format-standard","has-post-thumbnail","hentry","category-noticias","tag-noticias","tag-programa-emprendemos-semilla","tag-yungay","tag-yungayino","tag-yungayinocl"],"_links":{"self":[{"href":"https:\/\/www.yungayino.cl\/noticias\/index.php?rest_route=\/wp\/v2\/posts\/27504","targetHints":{"allow":["GET"]}}],"collection":[{"href":"https:\/\/www.yungayino.cl\/noticias\/index.php?rest_route=\/wp\/v2\/posts"}],"about":[{"href":"https:\/\/www.yungayino.cl\/noticias\/index.php?rest_route=\/wp\/v2\/types\/post"}],"author":[{"embeddable":true,"href":"https:\/\/www.yungayino.cl\/noticias\/index.php?rest_route=\/wp\/v2\/users\/2"}],"replies":[{"embeddable":true,"href":"https:\/\/www.yungayino.cl\/noticias\/index.php?rest_route=%2Fwp%2Fv2%2Fcomments&post=27504"}],"version-history":[{"count":1,"href":"https:\/\/www.yungayino.cl\/noticias\/index.php?rest_route=\/wp\/v2\/posts\/27504\/revisions"}],"predecessor-version":[{"id":27506,"href":"https:\/\/www.yungayino.cl\/noticias\/index.php?rest_route=\/wp\/v2\/posts\/27504\/revisions\/27506"}],"wp:featuredmedia":[{"embeddable":true,"href":"https:\/\/www.yungayino.cl\/noticias\/index.php?rest_route=\/wp\/v2\/media\/27505"}],"wp:attachment":[{"href":"https:\/\/www.yungayino.cl\/noticias\/index.php?rest_route=%2Fwp%2Fv2%2Fmedia&parent=27504"}],"wp:term":[{"taxonomy":"category","embeddable":true,"href":"https:\/\/www.yungayino.cl\/noticias\/index.php?rest_route=%2Fwp%2Fv2%2Fcategories&post=27504"},{"taxonomy":"post_tag","embeddable":true,"href":"https:\/\/www.yungayino.cl\/noticias\/index.php?rest_route=%2Fwp%2Fv2%2Ftags&post=27504"}],"curies":[{"name":"wp","href":"https:\/\/api.w.org\/{rel}","templated":true}]}}