{"id":27537,"date":"2023-01-23T07:00:38","date_gmt":"2023-01-23T11:00:38","guid":{"rendered":"http:\/\/www.yungayino.cl\/noticias\/?p=27537"},"modified":"2023-01-17T16:46:48","modified_gmt":"2023-01-17T20:46:48","slug":"nuble-formaliza-la-creacion-de-inedito-distrito-de-innovacion-en-el-pais","status":"publish","type":"post","link":"https:\/\/www.yungayino.cl\/noticias\/?p=27537","title":{"rendered":"\u00d1uble Formaliza la Creaci\u00f3n de In\u00e9dito Distrito de Innovaci\u00f3n en el Pa\u00eds"},"content":{"rendered":"<p><img loading=\"lazy\" decoding=\"async\" class=\"alignnone wp-image-27538 size-full\" src=\"http:\/\/www.yungayino.cl\/noticias\/wp-content\/uploads\/2023\/01\/distrito-innovacion-nuble-2023.jpg\" alt=\"\" width=\"700\" height=\"350\" srcset=\"https:\/\/www.yungayino.cl\/noticias\/wp-content\/uploads\/2023\/01\/distrito-innovacion-nuble-2023.jpg 700w, https:\/\/www.yungayino.cl\/noticias\/wp-content\/uploads\/2023\/01\/distrito-innovacion-nuble-2023-300x150.jpg 300w\" sizes=\"auto, (max-width: 700px) 100vw, 700px\" \/><\/p>\n<p style=\"text-align: justify;\">\u00d1uble, enero 2023: Se firm\u00f3 el convenio entre el Gobernador de \u00d1uble y el Rector de la Universidad de Concepci\u00f3n, que permitir\u00e1 financiar la iniciativa que busca crear un espacio para impulsar el desarrollo de la regi\u00f3n. El monto total del proyecto asciende a $18.140 millones de los cuales el Gobierno Regional aporta el 46,3%.<\/p>\n<p style=\"text-align: justify;\">En tierra derecha se encuentra el ambicioso proyecto de crear un Distrito de Innovaci\u00f3n de \u00d1uble. A pocas semanas de su aprobaci\u00f3n un\u00e1nime por parte del Consejo Regional, hoy se concret\u00f3 la firma del convenio de financiamiento y colaboraci\u00f3n, entre el Gobernador Regional, \u00d3scar Cris\u00f3stomo y el Rector de la Universidad de Concepci\u00f3n Dr. Carlos Saavedra.<\/p>\n<p style=\"text-align: justify;\">La ceremonia, que se realiz\u00f3 en dependencias del Gobierno Regional, cont\u00f3 con la presencia de la Vicerrectora de Investigaci\u00f3n y Desarrollo de la Universidad de Concepci\u00f3n, Andrea Rodr\u00edguez; el Director del campus Chill\u00e1n de la misma casa de estudios, Pedro Pablo Rojas; la Seremi de Ciencia, Tecnolog\u00eda, Conocimiento e Innovaci\u00f3n, Dra. Sof\u00eda Valenzuela \u00c1guila; el Seremi de Econom\u00eda, Erick Solo de Zald\u00edvar, junto a consejeros regionales.<\/p>\n<p style=\"text-align: justify;\">Se trata de una inversi\u00f3n hist\u00f3rica que alcanza los $18.140 millones, de los cuales el 46,3% ser\u00e1 aportado por el Gobierno Regional, con los que se construir\u00e1 un Centro de Investigaci\u00f3n y Desarrollo en Industria Agroalimentaria Inteligente; un Centro de Innovaci\u00f3n y Emprendimiento y una Infraestructura de Docencia Tecnol\u00f3gica, emplazados en el campus Chill\u00e1n de la Universidad de Concepci\u00f3n.<\/p>\n<p style=\"text-align: justify;\">Durante la ceremonia, el Gobernador Cris\u00f3stomo destac\u00f3 el hito para la Regi\u00f3n de \u00d1uble, \u201ceste distrito de innovaci\u00f3n va a ser el esfuerzo m\u00e1s importante que va a hacer nuestra regi\u00f3n en materia de ciencia, tecnolog\u00eda, econom\u00eda circular, innovaci\u00f3n y conocimiento. Entendemos que, en la actualidad, la Regi\u00f3n de \u00d1uble tiene que desarrollar una diversidad de acciones para poder sacar adelante la econom\u00eda y la alianza que estamos partiendo con la Universidad de Concepci\u00f3n, nos permite precisamente eso\u201d.<\/p>\n<p style=\"text-align: justify;\">El proceso tendr\u00e1 diferentes fases, detall\u00f3 la autoridad regional, \u201cvamos a constituir una corporaci\u00f3n del Distrito de Innovaci\u00f3n donde los socios principales van a ser la Universidad de Concepci\u00f3n y el Gobierno Regional; y tambi\u00e9n estamos pensando en invitar a otros actores de la regi\u00f3n, para ir potenciando lo que va a ser esta sinergia que tiene que tener. El distrito de innovaci\u00f3n va a tener tres componentes: el mundo p\u00fablico, el mundo acad\u00e9mico y el mundo empresarial y estas tres \u00e1reas, van a convivir en un espacio com\u00fan que va a permitir generar la innovaci\u00f3n, el conocimiento y est\u00e1 pensado para cobijar empresas o startup \u201c.<\/p>\n<p style=\"text-align: justify;\">Asimismo, el Rector Saavedra, manifest\u00f3 su total satisfacci\u00f3n con la decisi\u00f3n un\u00e1nime que adopt\u00f3 el Consejo Regional de \u00d1uble y explic\u00f3 que \u201clo que iniciamos hoy es un proceso tremendamente significativo para una regi\u00f3n nueva, pujante, que ha centrado fuertemente el \u00e9nfasis de su desarrollo en el aspecto agroindustrial y todas las orientaciones de desarrollo cient\u00edfico y tecnol\u00f3gico, trav\u00e9s de tecnolog\u00edas claves habilitantes, que permitan fortalecer\u00a0 estas capacidades\u00a0 en la regi\u00f3n por medio de una asociatividad global, (\u2026) inicialmente el proyecto vamos a comenzar junto al Gobierno Regional de \u00d1uble, pero se requieren\u00a0 otros actores; la relaci\u00f3n que tengamos con\u00a0 el ministerio de Ciencia y Tecnolog\u00eda va a ser tremendamente importante para determinar los avances en estas materias, pero tambi\u00e9n la vinculaci\u00f3n con otras universidades socias en la regi\u00f3n y por supuesto, al sector privado y p\u00fablico\u201d.<\/p>\n<p style=\"text-align: justify;\">En ese sentido, la seremi de Ciencia, Sofia Valenzuela, sostuvo que \u201ceste distrito va a servir para ser un atractor de talento y como dec\u00eda el gobernador, por ejemplo, en el caso de startups (\u2026) A trav\u00e9s del ministerio tenemos distintos programas de financiamiento para este tipo iniciativas y contar con empresas de base cient\u00edfico tecnol\u00f3gica en \u00d1uble, en el \u00e1mbito agr\u00edcola, salud y otros, es una enorme oportunidad, as\u00ed que esperamos que el distrito atraiga mucha gente talentosa a la regi\u00f3n\u201d.<\/p>\n<p style=\"text-align: justify;\">En tanto el Consejero Regional Juan Riquelme, como Presidente de la Comisi\u00f3n de Educaci\u00f3n, Cultura, Ciencia y Tecnolog\u00eda asegur\u00f3 que \u201cse trata de una inversi\u00f3n muy relevante para fortalecer nuestra regi\u00f3n en el \u00e1mbito tecnol\u00f3gico, de la innovaci\u00f3n, la incorporaci\u00f3n de la tecnolog\u00eda y por sobre todo, poner todo este distrito a disposici\u00f3n de los \u00f1ublensinos, de cada uno de los sectores especialmente de los productores agr\u00edcolas, peque\u00f1os y medianos empresarios, de tal manera que, el desarrollo de nuestra regi\u00f3n se vea fortalecido de la mano de la innovaci\u00f3n, de la incorporaci\u00f3n de las tecnolog\u00edas al servicio de la productividad y de la educaci\u00f3n\u201d.<\/p>\n<p style=\"text-align: justify;\">El proyecto busca propiciar el desarrollo integral de la Regi\u00f3n de \u00d1uble, con la creaci\u00f3n de un espacio especialmente dise\u00f1ado para ese fin, donde exista un trabajo colaborativo entre la academia, el mundo p\u00fablico y las empresas. Este espacio se suma al Polo de Salud de \u00d1uble, desarrollado por la Universidad del B\u00edo -B\u00edo, que tambi\u00e9n financia el Gobierno Regional de \u00d1uble a trav\u00e9s de un convenio.<\/p>\n","protected":false},"excerpt":{"rendered":"<p>\u00d1uble, enero 2023: Se firm\u00f3 el convenio entre el Gobernador de \u00d1uble y el Rector de la Universidad de Concepci\u00f3n, que permitir\u00e1 financiar la iniciativa que busca crear un espacio para impulsar el desarrollo&#46;&#46;&#46;<\/p>\n","protected":false},"author":2,"featured_media":27538,"comment_status":"closed","ping_status":"open","sticky":false,"template":"","format":"standard","meta":{"footnotes":""},"categories":[1],"tags":[1115,1678,8,6,117],"class_list":["post-27537","post","type-post","status-publish","format-standard","has-post-thumbnail","hentry","category-noticias","tag-noticias","tag-nuble","tag-yungay","tag-yungayino","tag-yungayinocl"],"_links":{"self":[{"href":"https:\/\/www.yungayino.cl\/noticias\/index.php?rest_route=\/wp\/v2\/posts\/27537","targetHints":{"allow":["GET"]}}],"collection":[{"href":"https:\/\/www.yungayino.cl\/noticias\/index.php?rest_route=\/wp\/v2\/posts"}],"about":[{"href":"https:\/\/www.yungayino.cl\/noticias\/index.php?rest_route=\/wp\/v2\/types\/post"}],"author":[{"embeddable":true,"href":"https:\/\/www.yungayino.cl\/noticias\/index.php?rest_route=\/wp\/v2\/users\/2"}],"replies":[{"embeddable":true,"href":"https:\/\/www.yungayino.cl\/noticias\/index.php?rest_route=%2Fwp%2Fv2%2Fcomments&post=27537"}],"version-history":[{"count":1,"href":"https:\/\/www.yungayino.cl\/noticias\/index.php?rest_route=\/wp\/v2\/posts\/27537\/revisions"}],"predecessor-version":[{"id":27539,"href":"https:\/\/www.yungayino.cl\/noticias\/index.php?rest_route=\/wp\/v2\/posts\/27537\/revisions\/27539"}],"wp:featuredmedia":[{"embeddable":true,"href":"https:\/\/www.yungayino.cl\/noticias\/index.php?rest_route=\/wp\/v2\/media\/27538"}],"wp:attachment":[{"href":"https:\/\/www.yungayino.cl\/noticias\/index.php?rest_route=%2Fwp%2Fv2%2Fmedia&parent=27537"}],"wp:term":[{"taxonomy":"category","embeddable":true,"href":"https:\/\/www.yungayino.cl\/noticias\/index.php?rest_route=%2Fwp%2Fv2%2Fcategories&post=27537"},{"taxonomy":"post_tag","embeddable":true,"href":"https:\/\/www.yungayino.cl\/noticias\/index.php?rest_route=%2Fwp%2Fv2%2Ftags&post=27537"}],"curies":[{"name":"wp","href":"https:\/\/api.w.org\/{rel}","templated":true}]}}