{"id":27615,"date":"2023-01-21T20:00:22","date_gmt":"2023-01-22T00:00:22","guid":{"rendered":"http:\/\/www.yungayino.cl\/noticias\/?p=27615"},"modified":"2023-01-21T20:36:14","modified_gmt":"2023-01-22T00:36:14","slug":"con-gran-marco-de-publico-se-presentaron-los-kuatreros-del-sur-los-felinos-de-yungay-y-zumbale-primo-en-show-de-la-semana-yungayina-2023","status":"publish","type":"post","link":"https:\/\/www.yungayino.cl\/noticias\/?p=27615","title":{"rendered":"Con Gran Marco de P\u00fablico se Presentaron \u201cLos Kuatreros del Sur\u201d, \u201cLos Felinos de Yungay\u201d y \u201cZ\u00fambale Primo\u201d en Show de la Semana Yungayina 2023"},"content":{"rendered":"<p><img loading=\"lazy\" decoding=\"async\" class=\"alignnone wp-image-27616 size-full\" src=\"http:\/\/www.yungayino.cl\/noticias\/wp-content\/uploads\/2023\/01\/portada-5.jpg\" alt=\"\" width=\"700\" height=\"350\" srcset=\"https:\/\/www.yungayino.cl\/noticias\/wp-content\/uploads\/2023\/01\/portada-5.jpg 700w, https:\/\/www.yungayino.cl\/noticias\/wp-content\/uploads\/2023\/01\/portada-5-300x150.jpg 300w\" sizes=\"auto, (max-width: 700px) 100vw, 700px\" \/><\/p>\n<p style=\"text-align: justify;\">Yungay, enero 2023: Con una multitudinaria concurrencia de p\u00fablico que lleg\u00f3 de diferentes partes de la regi\u00f3n al Recinto Trilaleo, se llev\u00f3 a cabo una noche m\u00e1s de show de la Semana Yungayina 2023, actividad organizada por la Ilustre Municipalidad de Yungay, y que tiene a Mathieu Producciones como empresa encargada de la puesta en escena con gran calidad de sonido y montaje audiovisual.<\/p>\n<p style=\"text-align: justify;\">El show se inici\u00f3 a las 22:00 horas con la animaci\u00f3n del yungayino <strong>Danilo Schlegel<\/strong>, quien present\u00f3 a la banda de cumbia ranchera, \u201c<strong>Kuatreros del Sur\u201d<\/strong>, para dar inicio a una nueva jornada de show de la Semana Yungayina 2023, la cual cont\u00f3 con la participaci\u00f3n de <strong>\u201cLos Felinos de Yungay\u201d,<\/strong> para cerrar la noche con la presentaci\u00f3n al ritmo de la cumbia ranchera de <strong>\u201cZ\u00fambale Primo\u201d.<\/strong><\/p>\n<p style=\"text-align: justify;\"><strong>\u00a0<\/strong><\/p>\n<p style=\"text-align: justify;\"><strong>Kuatreros del Sur:<\/strong><\/p>\n<p style=\"text-align: justify;\">La banda de cumbia ranchera, Kuatreros del Sur fueron los encargados de abrir la noche y hacer bailar a los presentes, banda formada por los hermanos C\u00e9sar, H\u00e9ctor y Guillermo Gallegos, Antonio Chamorro y Jonathan Podea que naci\u00f3 hace 16 a\u00f1os en la comuna de Victoria, en la Novena Regi\u00f3n<\/p>\n<p style=\"text-align: justify;\"><strong>\u00a0<\/strong><\/p>\n<p style=\"text-align: justify;\"><strong>Los Felinos de Yungay:<\/strong><\/p>\n<p style=\"text-align: justify;\">Los Felinos de Yungay, que han consolidado una carrera art\u00edstica, dentro y fuera de la comuna compuesta por m\u00fasicos Yungayinos fueron los encargados de continuar el show en el escenario del Balneario Trilaleo, quienes con su m\u00fasica tropical ranchera hicieron bailar al p\u00fablico, quienes aplaudieron y reconocieron as\u00ed el talento de estos Yungayinos.<\/p>\n<p style=\"text-align: justify;\"><strong>\u00a0<\/strong><\/p>\n<p style=\"text-align: justify;\"><strong>Z\u00fambale Primo:<\/strong><\/p>\n<p style=\"text-align: justify;\">El plato de fondo en esta noche de celebraci\u00f3n de los 181 a\u00f1os de la comuna y que fue esperado con ansias por una gran cantidad de p\u00fablico fue \u201c<strong>Z\u00fambale Primo\u201d<\/strong>, quienes con m\u00e1s de 13 a\u00f1os de experiencia en la m\u00fasica se han convertido en uno de los principales referentes del g\u00e9nero tropical y ranchero de nuestro pa\u00eds, destacando que la noche anterior tambi\u00e9n cerr\u00f3 la primera noche del Festival del Huaso de Olmu\u00e9 2023 con un exitoso show que hizo bailar al p\u00fablico de El Patagual.<\/p>\n<p style=\"text-align: justify;\">La banda del momento tambi\u00e9n la rompi\u00f3 con su energ\u00e9tica cumbia ranchera en Yungay, quienes desataron la pasi\u00f3n del p\u00fablico que bail\u00f3 y cant\u00f3 sus temas musicales, finalmente adem\u00e1s destacar la cooperaci\u00f3n de Carabineros de la Cuarta Comisaria de Yungay, quienes contaron con la colaboraci\u00f3n de la C.O.P \u00d1uble y fueron los responsables de garantizar la seguridad de este evento y Funcionarios de la Salud, adem\u00e1s de la siempre solidaria y voluntaria colaboraci\u00f3n del Cuerpo de Bomberos Yungay.<\/p>\n<p>&nbsp;<\/p>\n<p style=\"text-align: justify;\">[su_button url=\u00bbhttps:\/\/www.facebook.com\/media\/set\/?vanity=yungayino.cl&amp;set=a.6429298930418425&#8243; target=\u00bbblank\u00bb size=\u00bb7&#8243; radius=\u00bbround\u00bb icon=\u00bbicon: facebook-square\u00bb]FOTOGRAF\u00cdAS \u2013 Con Gran Marco de P\u00fablico se Presentaron \u201cLos Kuatreros del Sur\u201d, \u201cLos Felinos de Yungay\u201d y \u201cZ\u00fambale Primo\u201d en Show de la Semana Yungayina 2023[\/su_button]<\/p>\n","protected":false},"excerpt":{"rendered":"<p>Yungay, enero 2023: Con una multitudinaria concurrencia de p\u00fablico que lleg\u00f3 de diferentes partes de la regi\u00f3n al Recinto Trilaleo, se llev\u00f3 a cabo una noche m\u00e1s de show de la Semana Yungayina 2023,&#46;&#46;&#46;<\/p>\n","protected":false},"author":2,"featured_media":27616,"comment_status":"closed","ping_status":"open","sticky":false,"template":"","format":"standard","meta":{"footnotes":""},"categories":[1],"tags":[1745,1241,1115,8,6,117,2730],"class_list":["post-27615","post","type-post","status-publish","format-standard","has-post-thumbnail","hentry","category-noticias","tag-los-felinos-de-yungay","tag-los-kuatreros-del-sur","tag-noticias","tag-yungay","tag-yungayino","tag-yungayinocl","tag-zumbale-primo"],"_links":{"self":[{"href":"https:\/\/www.yungayino.cl\/noticias\/index.php?rest_route=\/wp\/v2\/posts\/27615","targetHints":{"allow":["GET"]}}],"collection":[{"href":"https:\/\/www.yungayino.cl\/noticias\/index.php?rest_route=\/wp\/v2\/posts"}],"about":[{"href":"https:\/\/www.yungayino.cl\/noticias\/index.php?rest_route=\/wp\/v2\/types\/post"}],"author":[{"embeddable":true,"href":"https:\/\/www.yungayino.cl\/noticias\/index.php?rest_route=\/wp\/v2\/users\/2"}],"replies":[{"embeddable":true,"href":"https:\/\/www.yungayino.cl\/noticias\/index.php?rest_route=%2Fwp%2Fv2%2Fcomments&post=27615"}],"version-history":[{"count":4,"href":"https:\/\/www.yungayino.cl\/noticias\/index.php?rest_route=\/wp\/v2\/posts\/27615\/revisions"}],"predecessor-version":[{"id":27620,"href":"https:\/\/www.yungayino.cl\/noticias\/index.php?rest_route=\/wp\/v2\/posts\/27615\/revisions\/27620"}],"wp:featuredmedia":[{"embeddable":true,"href":"https:\/\/www.yungayino.cl\/noticias\/index.php?rest_route=\/wp\/v2\/media\/27616"}],"wp:attachment":[{"href":"https:\/\/www.yungayino.cl\/noticias\/index.php?rest_route=%2Fwp%2Fv2%2Fmedia&parent=27615"}],"wp:term":[{"taxonomy":"category","embeddable":true,"href":"https:\/\/www.yungayino.cl\/noticias\/index.php?rest_route=%2Fwp%2Fv2%2Fcategories&post=27615"},{"taxonomy":"post_tag","embeddable":true,"href":"https:\/\/www.yungayino.cl\/noticias\/index.php?rest_route=%2Fwp%2Fv2%2Ftags&post=27615"}],"curies":[{"name":"wp","href":"https:\/\/api.w.org\/{rel}","templated":true}]}}