{"id":27621,"date":"2023-01-22T15:00:45","date_gmt":"2023-01-22T19:00:45","guid":{"rendered":"http:\/\/www.yungayino.cl\/noticias\/?p=27621"},"modified":"2023-01-22T16:04:13","modified_gmt":"2023-01-22T20:04:13","slug":"yungayinos-as-bailaron-hasta-altas-horas-de-la-madrugada-en-la-ultima-jornada-de-show-la-semana-yungayina-2023","status":"publish","type":"post","link":"https:\/\/www.yungayino.cl\/noticias\/?p=27621","title":{"rendered":"Yungayinos (as) Bailaron Hasta Altas Horas de la Madrugada en la \u00daltima Jornada de Show la Semana Yungayina 2023"},"content":{"rendered":"<p><img loading=\"lazy\" decoding=\"async\" class=\"alignnone wp-image-27622 size-full\" src=\"http:\/\/www.yungayino.cl\/noticias\/wp-content\/uploads\/2023\/01\/portada-6.jpg\" alt=\"\" width=\"700\" height=\"350\" srcset=\"https:\/\/www.yungayino.cl\/noticias\/wp-content\/uploads\/2023\/01\/portada-6.jpg 700w, https:\/\/www.yungayino.cl\/noticias\/wp-content\/uploads\/2023\/01\/portada-6-300x150.jpg 300w\" sizes=\"auto, (max-width: 700px) 100vw, 700px\" \/><\/p>\n<p style=\"text-align: justify;\">Yungay, enero 2023: En el Recinto Trilaleo se llev\u00f3 a cabo este s\u00e1bado 21 de enero la \u00faltima jornada de show de la Semana Yungayina 2023 organizada por la Ilustre Municipalidad de Yungay, que tuvo a Mathieu Producciones como la empresa encargada de la puesta en escena con gran calidad de sonido y montaje audiovisual durante todas estas noches de show, d\u00f3nde el p\u00fablico disfrut\u00f3 hasta altas horas de la madrugada de un gran espect\u00e1culo al aire libre con la mejor m\u00fasica tropical y cumbia, donde participaron \u201cLos Cumbiancheros de Yungay\u201d, \u201cLuis Lambis\u201d,\u201dGiolito y su Combo\u201d y \u201cOjos de Luna\u201d, todo bajo la animaci\u00f3n del yungayino Danilo Schlegel.<\/p>\n<p style=\"text-align: justify;\"><strong>Los Cumbiancheros de Yungay:<\/strong><\/p>\n<p style=\"text-align: justify;\">El Grupo Yungayino que naci\u00f3 hace nueve a\u00f1os y que ya sacaron su disco promocional fueron los encargados de abrir la \u00faltima noche haciendo bailar y cantar al p\u00fablico al ritmo de sus canciones cumbiancheras.<\/p>\n<p style=\"text-align: justify;\"><strong>\u00a0<\/strong><\/p>\n<p style=\"text-align: justify;\"><strong>Luis Lambis:<\/strong><\/p>\n<p style=\"text-align: justify;\">El colombiano fue el encargado de tocar todo el ritmo de la cumbia colombiana, qui\u00e9n encanto a los asistentes con sus \u00e9xitos \u201cMar\u00eda Mar\u00eda\u201d, \u201cYa te olvide\u201d, \u201cPrisionero de la soledad\u201d, \u201cLe hace falta un beso\u201d, entre otras canciones, d\u00f3nde el p\u00fablico disfrutaba cantando, bailando y aplaudiendo\u00a0 para finalmente despedirlo mientras tocaron el cl\u00e1sico \u201cPicara\u201d.<\/p>\n<p style=\"text-align: justify;\"><strong>\u00a0<\/strong><\/p>\n<p style=\"text-align: justify;\"><strong>Giolito y su Combo:<\/strong><\/p>\n<p style=\"text-align: justify;\">En tercer lugar subi\u00f3 al escenario Giolito y su Combo, grupo musical que hicieron bailar al p\u00fablico presente por casi m\u00e1s de dos horas con lo mejor de la m\u00fasica popular bailable de todos los tiempos, incluyendo la pachanga, rock latino etc.<\/p>\n<p style=\"text-align: justify;\">Destacar que la reconocida orquesta chilena con m\u00e1s de 10 m\u00fasicos y bailarines en escena hicieron bailar a todo los yungayinos (as) y visitantes provenientes de distintos puntos de la regi\u00f3n, y cerraron su participaci\u00f3n cantando un mix con sus grandes \u00e9xitos como \u201cMacondo\u201d, \u201cLa Piragua\u201d, \u201cTraicionera\u201d, entre otros.<\/p>\n<p style=\"text-align: justify;\"><strong>\u00a0<\/strong><\/p>\n<p style=\"text-align: justify;\"><strong>Ojos de Luna:<\/strong><\/p>\n<p style=\"text-align: justify;\">El Grupo Musical proveniente de la comuna de Coihueco, fueron los encargados de cerrar el show de esta \u00faltima jornada, quienes liderado por su cantante Jorge Cares Claveria, pusieron en escena todo su mejor repertorio y grandes \u00e9xitos de la M\u00fasica Tropical.<\/p>\n<p style=\"text-align: justify;\">Destacar la cooperaci\u00f3n de Carabineros de la Cuarta Comisaria de Yungay, quienes contaron con la colaboraci\u00f3n de la C.O.P \u00d1uble y fueron los responsables de garantizar la seguridad de este evento y Funcionarios de la Salud, adem\u00e1s de la siempre solidaria y voluntaria colaboraci\u00f3n del Cuerpo de Bomberos Yungay.<\/p>\n<p style=\"text-align: justify;\">Finalmente destacar que las actividades para este verano contin\u00faan con la tradicional <strong>Trilla a Yegua Suelta<\/strong> el pr\u00f3ximo 28 de enero en el Balneario Trilaleo y la Feria Costumbrista 2023 que se llevar\u00e1 a cabo en la Plaza Iquique de nuestra comuna desde el 06 al 12 de febrero, as\u00ed lo destac\u00f3 al Portal Yungayino.cl el alcalde Rafael Cifuentes.<\/p>\n<p>&nbsp;<\/p>\n<p>&nbsp;<\/p>\n<p style=\"text-align: justify;\">[su_button url=\u00bbhttps:\/\/www.facebook.com\/media\/set\/?vanity=yungayino.cl&amp;set=a.6431770960171222&#8243; target=\u00bbblank\u00bb size=\u00bb7&#8243; radius=\u00bbround\u00bb icon=\u00bbicon: facebook-square\u00bb]FOTOGRAF\u00cdAS &#8211; Yungayinos (as) Bailaron Hasta Altas Horas de la Madrugada en la \u00daltima Jornada de Show la Semana Yungayina 2023[\/su_button]<\/p>\n","protected":false},"excerpt":{"rendered":"<p>Yungay, enero 2023: En el Recinto Trilaleo se llev\u00f3 a cabo este s\u00e1bado 21 de enero la \u00faltima jornada de show de la Semana Yungayina 2023 organizada por la Ilustre Municipalidad de Yungay, que&#46;&#46;&#46;<\/p>\n","protected":false},"author":2,"featured_media":27622,"comment_status":"closed","ping_status":"open","sticky":false,"template":"","format":"standard","meta":{"footnotes":""},"categories":[5,1],"tags":[2721,2731,1038,2732,1115,2733,149,8,6,117],"class_list":["post-27621","post","type-post","status-publish","format-standard","has-post-thumbnail","hentry","category-eventos","category-noticias","tag-181-anos","tag-cumbiancheros-de-yungay","tag-giolito-y-su-combo","tag-luis-lambis","tag-noticias","tag-ojos-de-luna","tag-semana-yungayina","tag-yungay","tag-yungayino","tag-yungayinocl"],"_links":{"self":[{"href":"https:\/\/www.yungayino.cl\/noticias\/index.php?rest_route=\/wp\/v2\/posts\/27621","targetHints":{"allow":["GET"]}}],"collection":[{"href":"https:\/\/www.yungayino.cl\/noticias\/index.php?rest_route=\/wp\/v2\/posts"}],"about":[{"href":"https:\/\/www.yungayino.cl\/noticias\/index.php?rest_route=\/wp\/v2\/types\/post"}],"author":[{"embeddable":true,"href":"https:\/\/www.yungayino.cl\/noticias\/index.php?rest_route=\/wp\/v2\/users\/2"}],"replies":[{"embeddable":true,"href":"https:\/\/www.yungayino.cl\/noticias\/index.php?rest_route=%2Fwp%2Fv2%2Fcomments&post=27621"}],"version-history":[{"count":4,"href":"https:\/\/www.yungayino.cl\/noticias\/index.php?rest_route=\/wp\/v2\/posts\/27621\/revisions"}],"predecessor-version":[{"id":27626,"href":"https:\/\/www.yungayino.cl\/noticias\/index.php?rest_route=\/wp\/v2\/posts\/27621\/revisions\/27626"}],"wp:featuredmedia":[{"embeddable":true,"href":"https:\/\/www.yungayino.cl\/noticias\/index.php?rest_route=\/wp\/v2\/media\/27622"}],"wp:attachment":[{"href":"https:\/\/www.yungayino.cl\/noticias\/index.php?rest_route=%2Fwp%2Fv2%2Fmedia&parent=27621"}],"wp:term":[{"taxonomy":"category","embeddable":true,"href":"https:\/\/www.yungayino.cl\/noticias\/index.php?rest_route=%2Fwp%2Fv2%2Fcategories&post=27621"},{"taxonomy":"post_tag","embeddable":true,"href":"https:\/\/www.yungayino.cl\/noticias\/index.php?rest_route=%2Fwp%2Fv2%2Ftags&post=27621"}],"curies":[{"name":"wp","href":"https:\/\/api.w.org\/{rel}","templated":true}]}}