{"id":27627,"date":"2023-01-23T12:00:06","date_gmt":"2023-01-23T16:00:06","guid":{"rendered":"http:\/\/www.yungayino.cl\/noticias\/?p=27627"},"modified":"2023-01-23T14:04:03","modified_gmt":"2023-01-23T18:04:03","slug":"visita-casa-museo-gerardo-luarte-se-realizo-en-yungay","status":"publish","type":"post","link":"https:\/\/www.yungayino.cl\/noticias\/?p=27627","title":{"rendered":"Visita Casa Museo Gerardo Luarte se Realiz\u00f3 en Yungay"},"content":{"rendered":"<p><img loading=\"lazy\" decoding=\"async\" class=\"alignnone wp-image-27628 size-full\" src=\"http:\/\/www.yungayino.cl\/noticias\/wp-content\/uploads\/2023\/01\/portada-7.jpg\" alt=\"\" width=\"700\" height=\"350\" srcset=\"https:\/\/www.yungayino.cl\/noticias\/wp-content\/uploads\/2023\/01\/portada-7.jpg 700w, https:\/\/www.yungayino.cl\/noticias\/wp-content\/uploads\/2023\/01\/portada-7-300x150.jpg 300w\" sizes=\"auto, (max-width: 700px) 100vw, 700px\" \/><\/p>\n<p style=\"text-align: justify;\">Yungay, enero 2023: Enmarcado en las actividades correspondientes a la\u00a0\u00a0 conmemoraci\u00f3n de los 181 a\u00f1os de la comuna de Yungay, el pasado s\u00e1bado 21 de enero se llev\u00f3 a cabo una actividad cultural en la casa museo Gerardo Luarte Mu\u00f1oz, sector el Castillo, a cargo del docente Sr. Samuel Acu\u00f1a.<\/p>\n<p style=\"text-align: justify;\">Esta, actividad fue fomentada por la Escuela Fernando Baquedano. Donde se present\u00f3 una Muestra Gastron\u00f3mica y artesanal contando con la participaci\u00f3n de funcionarias de la Escuela Fernando Baquedano, de la artesana Sra. Aida Cid Inzunza y el artesano Sr. Jos\u00e9 El\u00edas Rodr\u00edguez.<\/p>\n<p style=\"text-align: justify;\">Adem\u00e1s se realiz\u00f3 la lectura por parte de la docente Sra. Alejandra Sagredo Urbano y la funcionaria Sra. Guadalupe Fern\u00e1ndez Vega de algunos p\u00e1rrafos de producciones locales como Junto al fog\u00f3n, escrito por Sr. Zoilo Irarr\u00e1zabal y Una historia para Yungay, mi valle templado de Sra. Mar\u00eda Eva D\u00edaz Salazar.<\/p>\n<p style=\"text-align: justify;\">Finalmente la intenci\u00f3n es fomentar la cultura y la identidad comunal, valorado nuestra historia y proyect\u00e1ndola a nuestros coterr\u00e1neos y for\u00e1neos que en tiempo de verano eligen nuestro valle templado para descansar.<\/p>\n<p>&nbsp;<\/p>\n<p style=\"text-align: justify;\">[su_button url=\u00bbhttps:\/\/www.facebook.com\/media\/set\/?vanity=yungayino.cl&amp;set=a.6434402246574760&#8243; target=\u00bbblank\u00bb size=\u00bb7&#8243; radius=\u00bbround\u00bb icon=\u00bbicon: facebook-square\u00bb]FOTOGRAF\u00cdAS &#8211; Visita Casa Museo Gerardo Luarte se Realiz\u00f3 en Yungay[\/su_button]<\/p>\n","protected":false},"excerpt":{"rendered":"<p>Yungay, enero 2023: Enmarcado en las actividades correspondientes a la\u00a0\u00a0 conmemoraci\u00f3n de los 181 a\u00f1os de la comuna de Yungay, el pasado s\u00e1bado 21 de enero se llev\u00f3 a cabo una actividad cultural en&#46;&#46;&#46;<\/p>\n","protected":false},"author":2,"featured_media":27628,"comment_status":"closed","ping_status":"open","sticky":false,"template":"","format":"standard","meta":{"footnotes":""},"categories":[1],"tags":[31,2734,1115,8,6,117],"class_list":["post-27627","post","type-post","status-publish","format-standard","has-post-thumbnail","hentry","category-noticias","tag-campanario","tag-casa-museo-gerardo-luarte","tag-noticias","tag-yungay","tag-yungayino","tag-yungayinocl"],"_links":{"self":[{"href":"https:\/\/www.yungayino.cl\/noticias\/index.php?rest_route=\/wp\/v2\/posts\/27627","targetHints":{"allow":["GET"]}}],"collection":[{"href":"https:\/\/www.yungayino.cl\/noticias\/index.php?rest_route=\/wp\/v2\/posts"}],"about":[{"href":"https:\/\/www.yungayino.cl\/noticias\/index.php?rest_route=\/wp\/v2\/types\/post"}],"author":[{"embeddable":true,"href":"https:\/\/www.yungayino.cl\/noticias\/index.php?rest_route=\/wp\/v2\/users\/2"}],"replies":[{"embeddable":true,"href":"https:\/\/www.yungayino.cl\/noticias\/index.php?rest_route=%2Fwp%2Fv2%2Fcomments&post=27627"}],"version-history":[{"count":4,"href":"https:\/\/www.yungayino.cl\/noticias\/index.php?rest_route=\/wp\/v2\/posts\/27627\/revisions"}],"predecessor-version":[{"id":27632,"href":"https:\/\/www.yungayino.cl\/noticias\/index.php?rest_route=\/wp\/v2\/posts\/27627\/revisions\/27632"}],"wp:featuredmedia":[{"embeddable":true,"href":"https:\/\/www.yungayino.cl\/noticias\/index.php?rest_route=\/wp\/v2\/media\/27628"}],"wp:attachment":[{"href":"https:\/\/www.yungayino.cl\/noticias\/index.php?rest_route=%2Fwp%2Fv2%2Fmedia&parent=27627"}],"wp:term":[{"taxonomy":"category","embeddable":true,"href":"https:\/\/www.yungayino.cl\/noticias\/index.php?rest_route=%2Fwp%2Fv2%2Fcategories&post=27627"},{"taxonomy":"post_tag","embeddable":true,"href":"https:\/\/www.yungayino.cl\/noticias\/index.php?rest_route=%2Fwp%2Fv2%2Ftags&post=27627"}],"curies":[{"name":"wp","href":"https:\/\/api.w.org\/{rel}","templated":true}]}}