{"id":27644,"date":"2023-01-27T07:00:20","date_gmt":"2023-01-27T11:00:20","guid":{"rendered":"http:\/\/www.yungayino.cl\/noticias\/?p=27644"},"modified":"2023-01-26T15:16:59","modified_gmt":"2023-01-26T19:16:59","slug":"gran-avance-de-la-ley-para-la-naturaleza-proyecto-que-crea-el-servicio-de-biodiversidad-y-areas-protegidas-fue-aprobado-por-la-camara","status":"publish","type":"post","link":"https:\/\/www.yungayino.cl\/noticias\/?p=27644","title":{"rendered":"Gran Avance de la Ley Para la Naturaleza: Proyecto que Crea el Servicio de Biodiversidad y \u00c1reas Protegidas fue aprobado por la C\u00e1mara"},"content":{"rendered":"<p><img loading=\"lazy\" decoding=\"async\" class=\"alignnone wp-image-27645 size-full\" src=\"http:\/\/www.yungayino.cl\/noticias\/wp-content\/uploads\/2023\/01\/proyecto-medio-ambiente.jpg\" alt=\"\" width=\"700\" height=\"350\" srcset=\"https:\/\/www.yungayino.cl\/noticias\/wp-content\/uploads\/2023\/01\/proyecto-medio-ambiente.jpg 700w, https:\/\/www.yungayino.cl\/noticias\/wp-content\/uploads\/2023\/01\/proyecto-medio-ambiente-300x150.jpg 300w\" sizes=\"auto, (max-width: 700px) 100vw, 700px\" \/><\/p>\n<p style=\"text-align: justify;\">Enero 2023: Por 127 votos a favor, la iniciativa fue visada por la C\u00e1mara de Diputadas y Diputados. Se trata de un importante paso que acerca cada vez m\u00e1s la posibilidad de contar con un servicio de dedicaci\u00f3n exclusiva a la conservaci\u00f3n de la naturaleza. La ministra Maisa Rojas celebr\u00f3 la decisi\u00f3n de los parlamentarios y se\u00f1al\u00f3 que esto demuestra el compromiso del Estado con la crisis de biodiversidad que afecta al pa\u00eds y al mundo entero.<\/p>\n<p style=\"text-align: justify;\">Un nuevo e importante avance tuvo el proyecto de Ley Para la Naturaleza que crea el Servicio de Biodiversidad y \u00c1reas Protegidas. Luego de m\u00e1s de 11 a\u00f1os en el Congreso, la iniciativa logr\u00f3 sortear un nuevo paso en su tramitaci\u00f3n y hoy fue aprobado por 127 a favor 2 en contra y 3 abstenciones en la C\u00e1mara de Diputadas y Diputados, dando paso a su discusi\u00f3n en el Senado.<\/p>\n<p style=\"text-align: justify;\">Esto ocurre luego de que la semana pasada fuera aprobado el informe financiero del proyecto, el cual fue presentado por el Ministerio del Medio Ambiente a la Comisi\u00f3n de Hacienda de la C\u00e1mara Baja.<\/p>\n<p style=\"text-align: justify;\">El Servicio de Biodiversidad y \u00c1reas Protegida busca convertirse en el primer organismo p\u00fablico con dedicaci\u00f3n exclusiva y con recursos destinados para el cuidado de las \u00e1reas protegidas del pa\u00eds y de la biodiversidad que se encuentra tanto al interior como al exterior de ellas. Se trata de una gran noticia en medio de la crisis de p\u00e9rdida de biodiversidad, cambio clim\u00e1tico y de contaminaci\u00f3n que afectan al planeta.<\/p>\n<p style=\"text-align: justify;\">Desde el Congreso, la ministra del Medio Ambiente, Maisa Rojas, celebr\u00f3 la aprobaci\u00f3n y se\u00f1al\u00f3 que \u201cesta es una muestra del compromiso del Estado con la protecci\u00f3n de la naturaleza en momentos que enfrentamos una grave crisis ambiental en el mundo entero y que a Chile ha afectado de manera muy directa\u201d.<\/p>\n<p style=\"text-align: justify;\">La ministra Rojas agreg\u00f3 que \u201ccomo gobierno estamos seguros de que tenemos que hacernos cargo de esta compleja situaci\u00f3n. Proteger nuestro patrimonio natural no puede seguir siendo una opci\u00f3n, sino que es una obligaci\u00f3n para enfrentar la crisis de p\u00e9rdida de biodiversidad y de cambio clim\u00e1tico. Frente a este escenario, debemos fortalecer la institucionalidad para poder contar con m\u00e1s recursos y herramientas y con esto, avanzar en la conservaci\u00f3n de nuestros ecosistemas y especies. Adem\u00e1s, este servicio es una condici\u00f3n habilitante para la implementaci\u00f3n del Marco Global de Biodiversidad. Una ley para la naturaleza es algo que Chile no puede seguir esperando\u201d, dijo.<\/p>\n<p style=\"text-align: justify;\">Cabe recordar que la iniciativa ingres\u00f3 el a\u00f1o 2011 al Congreso.<\/p>\n<p style=\"text-align: justify;\">\u00bfEn qu\u00e9 consiste el proyecto de ley SBAP?<\/p>\n<p style=\"text-align: justify;\">El proyecto que crea el Servicio de Biodiversidad y \u00c1reas Protegidas (SBAP) busca establecer un servicio p\u00fablico, dependiente del Ministerio del Medio Ambiente, que se encargue de la conservaci\u00f3n de la biodiversidad. Su principal instrumento ser\u00e1 el Sistema Nacional de \u00c1reas Protegidas, pero contar\u00e1 con una serie de otros instrumentos y normativas para la conservaci\u00f3n de la biodiversidad.<\/p>\n<p style=\"text-align: justify;\">El proyecto est\u00e1 estructurado sobre 4 pilares:<\/p>\n<p style=\"text-align: justify;\">1) Contar con un servicio que lidere la conservaci\u00f3n de la biodiversidad en Chile. Que integre dichas atribuciones y responsabilidad en un solo servicio y coordine a los distintos actores en torno a su gesti\u00f3n sectorial, que tenga una mirada integrada de todo Chile, a lo largo de todos sus ecosistemas, tanto marinos como terrestres, dentro y fuera de \u00e1reas protegidas, y que su \u00fanico foco est\u00e9 en la protecci\u00f3n de la naturaleza.<\/p>\n<p style=\"text-align: justify;\">2) Crear un \u00fanico Sistema Nacional de \u00c1reas Protegidas (SNAP), integrado por todas las \u00e1reas protegidas existentes en Chile, que permita fortalecer el principal instrumento de conservaci\u00f3n del pa\u00eds, tanto marino como terrestre, p\u00fablico o privado. Actualmente las \u00e1reas protegidas se encuentran dispersas en cinco ministerios distintos: Agricultura, Econom\u00eda, Cultura, Bienes Nacionales y Medio Ambiente.<\/p>\n<p style=\"text-align: justify;\">3) Asegurar que el Servicio promueva e incentive la conservaci\u00f3n de la naturaleza tambi\u00e9n fuera de las \u00e1reas protegidas, incluyendo la creaci\u00f3n de una serie de instrumentos que permitir\u00e1n hacer frente a las principales amenazas que hoy enfrenta nuestra flora y fauna, como planes de manejo para la conservaci\u00f3n, planes de restauraci\u00f3n ecol\u00f3gica o la gesti\u00f3n de especies ex\u00f3ticas invasoras.<\/p>\n<p style=\"text-align: justify;\">4) Dotar al Servicio de recursos humanos y financieros adecuados para el cumplimiento de su mandato y de instrumentos econ\u00f3micos que sean capaces de cubrir las brechas hist\u00f3ricas de financiamiento en las \u00e1reas protegidas del pa\u00eds y la protecci\u00f3n del patrimonio natural del pa\u00eds.<\/p>\n","protected":false},"excerpt":{"rendered":"<p>Enero 2023: Por 127 votos a favor, la iniciativa fue visada por la C\u00e1mara de Diputadas y Diputados. Se trata de un importante paso que acerca cada vez m\u00e1s la posibilidad de contar con&#46;&#46;&#46;<\/p>\n","protected":false},"author":2,"featured_media":27645,"comment_status":"closed","ping_status":"open","sticky":false,"template":"","format":"standard","meta":{"footnotes":""},"categories":[1],"tags":[2736,1115,8,6,117],"class_list":["post-27644","post","type-post","status-publish","format-standard","has-post-thumbnail","hentry","category-noticias","tag-medioambiente","tag-noticias","tag-yungay","tag-yungayino","tag-yungayinocl"],"_links":{"self":[{"href":"https:\/\/www.yungayino.cl\/noticias\/index.php?rest_route=\/wp\/v2\/posts\/27644","targetHints":{"allow":["GET"]}}],"collection":[{"href":"https:\/\/www.yungayino.cl\/noticias\/index.php?rest_route=\/wp\/v2\/posts"}],"about":[{"href":"https:\/\/www.yungayino.cl\/noticias\/index.php?rest_route=\/wp\/v2\/types\/post"}],"author":[{"embeddable":true,"href":"https:\/\/www.yungayino.cl\/noticias\/index.php?rest_route=\/wp\/v2\/users\/2"}],"replies":[{"embeddable":true,"href":"https:\/\/www.yungayino.cl\/noticias\/index.php?rest_route=%2Fwp%2Fv2%2Fcomments&post=27644"}],"version-history":[{"count":2,"href":"https:\/\/www.yungayino.cl\/noticias\/index.php?rest_route=\/wp\/v2\/posts\/27644\/revisions"}],"predecessor-version":[{"id":27647,"href":"https:\/\/www.yungayino.cl\/noticias\/index.php?rest_route=\/wp\/v2\/posts\/27644\/revisions\/27647"}],"wp:featuredmedia":[{"embeddable":true,"href":"https:\/\/www.yungayino.cl\/noticias\/index.php?rest_route=\/wp\/v2\/media\/27645"}],"wp:attachment":[{"href":"https:\/\/www.yungayino.cl\/noticias\/index.php?rest_route=%2Fwp%2Fv2%2Fmedia&parent=27644"}],"wp:term":[{"taxonomy":"category","embeddable":true,"href":"https:\/\/www.yungayino.cl\/noticias\/index.php?rest_route=%2Fwp%2Fv2%2Fcategories&post=27644"},{"taxonomy":"post_tag","embeddable":true,"href":"https:\/\/www.yungayino.cl\/noticias\/index.php?rest_route=%2Fwp%2Fv2%2Ftags&post=27644"}],"curies":[{"name":"wp","href":"https:\/\/api.w.org\/{rel}","templated":true}]}}