{"id":27652,"date":"2023-01-29T07:00:54","date_gmt":"2023-01-29T11:00:54","guid":{"rendered":"http:\/\/www.yungayino.cl\/noticias\/?p=27652"},"modified":"2023-01-26T15:20:29","modified_gmt":"2023-01-26T19:20:29","slug":"linea-de-prevencion-del-suicidio-fortalece-trabajo-en-salud-mental-en-nuble","status":"publish","type":"post","link":"https:\/\/www.yungayino.cl\/noticias\/?p=27652","title":{"rendered":"L\u00ednea de Prevenci\u00f3n del Suicidio Fortalece Trabajo en Salud Mental en \u00d1uble"},"content":{"rendered":"<p><img loading=\"lazy\" decoding=\"async\" class=\"alignnone wp-image-27653 size-full\" src=\"http:\/\/www.yungayino.cl\/noticias\/wp-content\/uploads\/2023\/01\/Prevencion-del-Suicidio.jpg\" alt=\"\" width=\"700\" height=\"350\" srcset=\"https:\/\/www.yungayino.cl\/noticias\/wp-content\/uploads\/2023\/01\/Prevencion-del-Suicidio.jpg 700w, https:\/\/www.yungayino.cl\/noticias\/wp-content\/uploads\/2023\/01\/Prevencion-del-Suicidio-300x150.jpg 300w\" sizes=\"auto, (max-width: 700px) 100vw, 700px\" \/><\/p>\n<p style=\"text-align: justify;\">\u00d1uble, enero 2023: Iniciativa que es parte del plan gubernamental \u201cConstruyendo Salud Mental\u201d, entrega un recurso valioso para las personas que est\u00e1n pasando momentos dif\u00edciles, complementando el trabajo realizado a diario por los equipos de la Red Asistencial.<\/p>\n<p style=\"text-align: justify;\">El cuidado de la salud mental de la poblaci\u00f3n es uno de los principales lineamientos en los cuales trabajan los distintos establecimientos de la red de salud, el cual se ha potenciado fuertemente, principalmente despu\u00e9s de la pandemia.<\/p>\n<p style=\"text-align: justify;\">Una labor que busca entregar prestaciones oportunas y de calidad a las y los usuarios, a la que se suma la incorporaci\u00f3n de una l\u00ednea de atenci\u00f3n gratuita de prevenci\u00f3n del suicidio, con especialistas capacitados para responder a quienes lo necesiten.<\/p>\n<p style=\"text-align: justify;\">\u201cLa salud mental es una de las principales prioridades del Gobierno en materia de salud, por lo cual, como instituci\u00f3n estamos trabajando para potenciar el trabajo de los diferentes equipos en la Red Asistencial, presentes en los distintos establecimientos y dispositivos de salud de la Regi\u00f3n. La puesta en marcha de iniciativas como esta nueva l\u00ednea de atenci\u00f3n gratuita para la prevenci\u00f3n del suicidio *4141, viene a complementar fuertemente las acciones desarrolladas por nuestros profesionales\u201d, destac\u00f3 la Directora (s) del Servicio de Salud \u00d1uble (SS\u00d1), Elizabeth Abarca Trivi\u00f1o.<\/p>\n<p style=\"text-align: justify;\">La Dra. Claudia Quezada Nitor, Psiquiatra, Jefa del Departamento de Salud Mental del SS\u00d1, resalt\u00f3 que las y los usuarios que presenten problemas de salud mental, pueden acudir a equipos especializados disponibles en toda la red de atenci\u00f3n. \u201cEs importante recordar que contamos con equipos de salud mental en la atenci\u00f3n primaria y de especialidad. En nuestros Cesfam y hospitales comunitarios se pueden atender las patolog\u00edas m\u00e1s prevalentes de salud mental, y los casos de mayor complejidad, que requieran una atenci\u00f3n de un especialista, son presentados en consultor\u00eda al equipo de especialistas o derivados directamente a los dispositivos de especialidad ambulatoria de salud mental, presentes en nuestra Red, como son los Centros de Salud Mental Comunitaria, m\u00e1s conocidos como COSAM, y Centro de Atenci\u00f3n Ambulatoria de especialidad del Hospital Herminda Mart\u00edn de Chill\u00e1n\u201d, reforz\u00f3 la especialista.<\/p>\n<p style=\"text-align: justify;\">Asimismo, enfatiz\u00f3 que \u201clos casos m\u00e1s graves pueden requerir atenci\u00f3n m\u00e1s intensiva en alguno de nuestros dos Hospitales de D\u00eda o una hospitalizaci\u00f3n en la unidad de corta estad\u00eda, en caso de adultos, y en el caso de ni\u00f1as, ni\u00f1os y adolescentes en el servicio de pediatr\u00eda o ser derivados, a trav\u00e9s de protocolos establecidos, a unidades de hospitalizaci\u00f3n en la macrorregi\u00f3n para esta poblaci\u00f3n\u201d.<\/p>\n<p style=\"text-align: justify;\">\u201cNo est\u00e1s solo, no est\u00e1s sola\u201d<\/p>\n<p style=\"text-align: justify;\">La Unidad de Prevenci\u00f3n del Suicidio del Departamento de Salud Mental del SS\u00d1, realiza un trabajo de gesti\u00f3n para que los equipos de salud tengan una respuesta eficiente ante situaciones de riesgo para las personas, en relaci\u00f3n al suicidio o la ideaci\u00f3n suicida. Jorge San Mart\u00edn Mardones, encargado de esta unidad, indic\u00f3 que \u201cactualmente estamos trabajando junto a la Seremi de Salud en un plan piloto, que tiene relaci\u00f3n con las notificaciones de riesgo suicida en los colegios, entendiendo que el 2022 recibimos casos de esa \u00edndole. El objetivo es procesar esta informaci\u00f3n para que la atenci\u00f3n sea m\u00e1s r\u00e1pida en los Centros de Atenci\u00f3n Primaria\u201d.<\/p>\n<p style=\"text-align: justify;\">\u201cEsta l\u00ednea telef\u00f3nica viene a ayudar con un acceso m\u00e1s r\u00e1pido a la contenci\u00f3n o la informaci\u00f3n, hacia las personas o hacia los familiares de personas que pasen por este proceso\u201d, se\u00f1al\u00f3 el profesional.<\/p>\n<p style=\"text-align: justify;\">Finalmente recalc\u00f3 que \u201cel llamado es a que aprovechen este recurso, a cargo de psic\u00f3logos especializados que, a trav\u00e9s de turnos, est\u00e1n 24\/7 entregando la primera ayuda psicol\u00f3gica, la intervenci\u00f3n en crisis e informaci\u00f3n. Esta l\u00ednea adem\u00e1s busca realizar un seguimiento a estas personas mientras reciben una atenci\u00f3n en un dispositivo de salud\u201d.<\/p>\n<p style=\"text-align: justify;\">Este nuevo servicio gratuito *4141 \u201cNo est\u00e1s solo, no est\u00e1s sola\u201d, es una iniciativa que es parte del plan \u201cConstruyendo Salud Mental\u201d impulsada para acompa\u00f1ar a para personas que cursan crisis de salud mental, relacionadas al suicidio.<\/p>\n<p style=\"text-align: justify;\">\n","protected":false},"excerpt":{"rendered":"<p>\u00d1uble, enero 2023: Iniciativa que es parte del plan gubernamental \u201cConstruyendo Salud Mental\u201d, entrega un recurso valioso para las personas que est\u00e1n pasando momentos dif\u00edciles, complementando el trabajo realizado a diario por los equipos&#46;&#46;&#46;<\/p>\n","protected":false},"author":2,"featured_media":27653,"comment_status":"closed","ping_status":"open","sticky":false,"template":"","format":"standard","meta":{"footnotes":""},"categories":[1,1675,1676],"tags":[1115,1678,65,8,6,117],"class_list":["post-27652","post","type-post","status-publish","format-standard","has-post-thumbnail","hentry","category-noticias","category-saludc","category-salud","tag-noticias","tag-nuble","tag-salud","tag-yungay","tag-yungayino","tag-yungayinocl"],"_links":{"self":[{"href":"https:\/\/www.yungayino.cl\/noticias\/index.php?rest_route=\/wp\/v2\/posts\/27652","targetHints":{"allow":["GET"]}}],"collection":[{"href":"https:\/\/www.yungayino.cl\/noticias\/index.php?rest_route=\/wp\/v2\/posts"}],"about":[{"href":"https:\/\/www.yungayino.cl\/noticias\/index.php?rest_route=\/wp\/v2\/types\/post"}],"author":[{"embeddable":true,"href":"https:\/\/www.yungayino.cl\/noticias\/index.php?rest_route=\/wp\/v2\/users\/2"}],"replies":[{"embeddable":true,"href":"https:\/\/www.yungayino.cl\/noticias\/index.php?rest_route=%2Fwp%2Fv2%2Fcomments&post=27652"}],"version-history":[{"count":2,"href":"https:\/\/www.yungayino.cl\/noticias\/index.php?rest_route=\/wp\/v2\/posts\/27652\/revisions"}],"predecessor-version":[{"id":27655,"href":"https:\/\/www.yungayino.cl\/noticias\/index.php?rest_route=\/wp\/v2\/posts\/27652\/revisions\/27655"}],"wp:featuredmedia":[{"embeddable":true,"href":"https:\/\/www.yungayino.cl\/noticias\/index.php?rest_route=\/wp\/v2\/media\/27653"}],"wp:attachment":[{"href":"https:\/\/www.yungayino.cl\/noticias\/index.php?rest_route=%2Fwp%2Fv2%2Fmedia&parent=27652"}],"wp:term":[{"taxonomy":"category","embeddable":true,"href":"https:\/\/www.yungayino.cl\/noticias\/index.php?rest_route=%2Fwp%2Fv2%2Fcategories&post=27652"},{"taxonomy":"post_tag","embeddable":true,"href":"https:\/\/www.yungayino.cl\/noticias\/index.php?rest_route=%2Fwp%2Fv2%2Ftags&post=27652"}],"curies":[{"name":"wp","href":"https:\/\/api.w.org\/{rel}","templated":true}]}}