{"id":27670,"date":"2023-01-31T07:00:26","date_gmt":"2023-01-31T11:00:26","guid":{"rendered":"http:\/\/www.yungayino.cl\/noticias\/?p=27670"},"modified":"2023-01-27T21:51:39","modified_gmt":"2023-01-28T01:51:39","slug":"alcalde-recibe-vista-de-autoridades-nacionales-y-regionales","status":"publish","type":"post","link":"https:\/\/www.yungayino.cl\/noticias\/?p=27670","title":{"rendered":"Alcalde Recibe Vista de Autoridades Nacionales y Regionales"},"content":{"rendered":"<p><img loading=\"lazy\" decoding=\"async\" class=\"alignnone wp-image-27671 size-full\" src=\"http:\/\/www.yungayino.cl\/noticias\/wp-content\/uploads\/2023\/01\/seremi-obras.jpg\" alt=\"\" width=\"700\" height=\"350\" srcset=\"https:\/\/www.yungayino.cl\/noticias\/wp-content\/uploads\/2023\/01\/seremi-obras.jpg 700w, https:\/\/www.yungayino.cl\/noticias\/wp-content\/uploads\/2023\/01\/seremi-obras-300x150.jpg 300w\" sizes=\"auto, (max-width: 700px) 100vw, 700px\" \/><\/p>\n<p style=\"text-align: justify;\">Enero 2023: Esta semana el alcalde, Rafael Cifuentes Rodr\u00edguez recibi\u00f3 la visita del seremi de Obras P\u00fablicas, Paulo de la Fuente Paredes, el seremi de Bienes Nacionales, Rodrigo Baeza Boyardi, el coordinador regional Subdere Eric B\u00fchring Chandia, el director regional del Trabajo, Roberto Aguirre, el coordinador regional de Seguridad P\u00fablica, Jorge Mu\u00f1oz \u00c1lvarez y el director regional de FOSIS, Claudio Gu\u00ed\u00f1ez Pacheco.<\/p>\n<p style=\"text-align: justify;\">En la instancia, las autoridades regionales manifestaron su compromiso con la comuna y expresaron un grato saludo en conmemoraci\u00f3n del aniversario 181 de Yungay.<\/p>\n","protected":false},"excerpt":{"rendered":"<p>Enero 2023: Esta semana el alcalde, Rafael Cifuentes Rodr\u00edguez recibi\u00f3 la visita del seremi de Obras P\u00fablicas, Paulo de la Fuente Paredes, el seremi de Bienes Nacionales, Rodrigo Baeza Boyardi, el coordinador regional Subdere&#46;&#46;&#46;<\/p>\n","protected":false},"author":2,"featured_media":27671,"comment_status":"closed","ping_status":"open","sticky":false,"template":"","format":"standard","meta":{"footnotes":""},"categories":[1],"tags":[1115,8,6,117],"class_list":["post-27670","post","type-post","status-publish","format-standard","has-post-thumbnail","hentry","category-noticias","tag-noticias","tag-yungay","tag-yungayino","tag-yungayinocl"],"_links":{"self":[{"href":"https:\/\/www.yungayino.cl\/noticias\/index.php?rest_route=\/wp\/v2\/posts\/27670","targetHints":{"allow":["GET"]}}],"collection":[{"href":"https:\/\/www.yungayino.cl\/noticias\/index.php?rest_route=\/wp\/v2\/posts"}],"about":[{"href":"https:\/\/www.yungayino.cl\/noticias\/index.php?rest_route=\/wp\/v2\/types\/post"}],"author":[{"embeddable":true,"href":"https:\/\/www.yungayino.cl\/noticias\/index.php?rest_route=\/wp\/v2\/users\/2"}],"replies":[{"embeddable":true,"href":"https:\/\/www.yungayino.cl\/noticias\/index.php?rest_route=%2Fwp%2Fv2%2Fcomments&post=27670"}],"version-history":[{"count":1,"href":"https:\/\/www.yungayino.cl\/noticias\/index.php?rest_route=\/wp\/v2\/posts\/27670\/revisions"}],"predecessor-version":[{"id":27672,"href":"https:\/\/www.yungayino.cl\/noticias\/index.php?rest_route=\/wp\/v2\/posts\/27670\/revisions\/27672"}],"wp:featuredmedia":[{"embeddable":true,"href":"https:\/\/www.yungayino.cl\/noticias\/index.php?rest_route=\/wp\/v2\/media\/27671"}],"wp:attachment":[{"href":"https:\/\/www.yungayino.cl\/noticias\/index.php?rest_route=%2Fwp%2Fv2%2Fmedia&parent=27670"}],"wp:term":[{"taxonomy":"category","embeddable":true,"href":"https:\/\/www.yungayino.cl\/noticias\/index.php?rest_route=%2Fwp%2Fv2%2Fcategories&post=27670"},{"taxonomy":"post_tag","embeddable":true,"href":"https:\/\/www.yungayino.cl\/noticias\/index.php?rest_route=%2Fwp%2Fv2%2Ftags&post=27670"}],"curies":[{"name":"wp","href":"https:\/\/api.w.org\/{rel}","templated":true}]}}