{"id":27673,"date":"2023-01-27T20:00:45","date_gmt":"2023-01-28T00:00:45","guid":{"rendered":"http:\/\/www.yungayino.cl\/noticias\/?p=27673"},"modified":"2023-01-27T22:00:39","modified_gmt":"2023-01-28T02:00:39","slug":"autoridades-de-yungay-junto-a-diputado-felipe-camano-realizaron-visita-a-ministra-de-salud-en-santiago","status":"publish","type":"post","link":"https:\/\/www.yungayino.cl\/noticias\/?p=27673","title":{"rendered":"Autoridades de Yungay Junto a Diputado Felipe Cama\u00f1o Realizaron Visita a Ministra de Salud en Santiago"},"content":{"rendered":"<p><img loading=\"lazy\" decoding=\"async\" class=\"alignnone wp-image-27676 size-full\" src=\"http:\/\/www.yungayino.cl\/noticias\/wp-content\/uploads\/2023\/01\/autoridades-en-stgo.jpg\" alt=\"\" width=\"700\" height=\"350\" srcset=\"https:\/\/www.yungayino.cl\/noticias\/wp-content\/uploads\/2023\/01\/autoridades-en-stgo.jpg 700w, https:\/\/www.yungayino.cl\/noticias\/wp-content\/uploads\/2023\/01\/autoridades-en-stgo-300x150.jpg 300w\" sizes=\"auto, (max-width: 700px) 100vw, 700px\" \/><\/p>\n<p style=\"text-align: justify;\">Enero 2023: Ayer jueves 26 de enero el alcalde, Rafael Cifuentes Rodr\u00edguez, junto al diputado, Felipe Cama\u00f1o y el concejo municipal, visitaron a la ministra de Salud, Ximena Aguilera Sanhueza y a su gabinete administrativo, para plantear la urgencia de contar con un hospital de mayor resolutividad para nuestra comuna.<\/p>\n<p style=\"text-align: justify;\">En la reuni\u00f3n gestionada por el diputado, Felipe Cama\u00f1o, el alcalde junto al jefe del departamento de Salud de Yungay tambi\u00e9n solicitaron apoyo para el financiamiento de la segunda etapa del Cesfam modular de Campanario y adem\u00e1s de dialogar sobre los proyectos para la conservaci\u00f3n de infraestructura de la posta de salud rural de San Antonio ingresados en 2021.<\/p>\n<p style=\"text-align: justify;\">\u201cHemos venido hasta ac\u00e1 por la necesidad de la comunidad de contar con un hospital que tenga las condiciones necesarias para atender las necesidades de la poblaci\u00f3n, adem\u00e1s de la sentida reposici\u00f3n de nuestro Cesfam que sufri\u00f3 grandes p\u00e9rdidas en el incendio de 2021\u201d mencion\u00f3 la primera autoridad comunal.<\/p>\n<p>&nbsp;<\/p>\n<p><img loading=\"lazy\" decoding=\"async\" class=\"alignnone wp-image-27675 size-full\" src=\"http:\/\/www.yungayino.cl\/noticias\/wp-content\/uploads\/2023\/01\/autoridades-en-stgo-2.jpg\" alt=\"\" width=\"700\" height=\"539\" srcset=\"https:\/\/www.yungayino.cl\/noticias\/wp-content\/uploads\/2023\/01\/autoridades-en-stgo-2.jpg 700w, https:\/\/www.yungayino.cl\/noticias\/wp-content\/uploads\/2023\/01\/autoridades-en-stgo-2-300x231.jpg 300w, https:\/\/www.yungayino.cl\/noticias\/wp-content\/uploads\/2023\/01\/autoridades-en-stgo-2-195x150.jpg 195w\" sizes=\"auto, (max-width: 700px) 100vw, 700px\" \/><\/p>\n<p><img loading=\"lazy\" decoding=\"async\" class=\"alignnone wp-image-27674 size-full\" src=\"http:\/\/www.yungayino.cl\/noticias\/wp-content\/uploads\/2023\/01\/autoridades-en-stgo-1.jpg\" alt=\"\" width=\"700\" height=\"525\" srcset=\"https:\/\/www.yungayino.cl\/noticias\/wp-content\/uploads\/2023\/01\/autoridades-en-stgo-1.jpg 700w, https:\/\/www.yungayino.cl\/noticias\/wp-content\/uploads\/2023\/01\/autoridades-en-stgo-1-300x225.jpg 300w, https:\/\/www.yungayino.cl\/noticias\/wp-content\/uploads\/2023\/01\/autoridades-en-stgo-1-200x150.jpg 200w\" sizes=\"auto, (max-width: 700px) 100vw, 700px\" \/><\/p>\n","protected":false},"excerpt":{"rendered":"<p>Enero 2023: Ayer jueves 26 de enero el alcalde, Rafael Cifuentes Rodr\u00edguez, junto al diputado, Felipe Cama\u00f1o y el concejo municipal, visitaron a la ministra de Salud, Ximena Aguilera Sanhueza y a su gabinete&#46;&#46;&#46;<\/p>\n","protected":false},"author":2,"featured_media":27676,"comment_status":"closed","ping_status":"open","sticky":false,"template":"","format":"standard","meta":{"footnotes":""},"categories":[3,1],"tags":[31,440,84,1115,65,8,6,117],"class_list":["post-27673","post","type-post","status-publish","format-standard","has-post-thumbnail","hentry","category-actualidad","category-noticias","tag-campanario","tag-cesfam","tag-hospital","tag-noticias","tag-salud","tag-yungay","tag-yungayino","tag-yungayinocl"],"_links":{"self":[{"href":"https:\/\/www.yungayino.cl\/noticias\/index.php?rest_route=\/wp\/v2\/posts\/27673","targetHints":{"allow":["GET"]}}],"collection":[{"href":"https:\/\/www.yungayino.cl\/noticias\/index.php?rest_route=\/wp\/v2\/posts"}],"about":[{"href":"https:\/\/www.yungayino.cl\/noticias\/index.php?rest_route=\/wp\/v2\/types\/post"}],"author":[{"embeddable":true,"href":"https:\/\/www.yungayino.cl\/noticias\/index.php?rest_route=\/wp\/v2\/users\/2"}],"replies":[{"embeddable":true,"href":"https:\/\/www.yungayino.cl\/noticias\/index.php?rest_route=%2Fwp%2Fv2%2Fcomments&post=27673"}],"version-history":[{"count":2,"href":"https:\/\/www.yungayino.cl\/noticias\/index.php?rest_route=\/wp\/v2\/posts\/27673\/revisions"}],"predecessor-version":[{"id":27678,"href":"https:\/\/www.yungayino.cl\/noticias\/index.php?rest_route=\/wp\/v2\/posts\/27673\/revisions\/27678"}],"wp:featuredmedia":[{"embeddable":true,"href":"https:\/\/www.yungayino.cl\/noticias\/index.php?rest_route=\/wp\/v2\/media\/27676"}],"wp:attachment":[{"href":"https:\/\/www.yungayino.cl\/noticias\/index.php?rest_route=%2Fwp%2Fv2%2Fmedia&parent=27673"}],"wp:term":[{"taxonomy":"category","embeddable":true,"href":"https:\/\/www.yungayino.cl\/noticias\/index.php?rest_route=%2Fwp%2Fv2%2Fcategories&post=27673"},{"taxonomy":"post_tag","embeddable":true,"href":"https:\/\/www.yungayino.cl\/noticias\/index.php?rest_route=%2Fwp%2Fv2%2Ftags&post=27673"}],"curies":[{"name":"wp","href":"https:\/\/api.w.org\/{rel}","templated":true}]}}