{"id":27679,"date":"2023-01-28T07:00:22","date_gmt":"2023-01-28T11:00:22","guid":{"rendered":"http:\/\/www.yungayino.cl\/noticias\/?p=27679"},"modified":"2023-01-27T22:03:27","modified_gmt":"2023-01-28T02:03:27","slug":"cierre-programa-de-desarrollo-de-competencias-laborales","status":"publish","type":"post","link":"https:\/\/www.yungayino.cl\/noticias\/?p=27679","title":{"rendered":"Cierre Programa de Desarrollo de Competencias Laborales"},"content":{"rendered":"<p><img loading=\"lazy\" decoding=\"async\" class=\"alignnone wp-image-27680 size-full\" src=\"http:\/\/www.yungayino.cl\/noticias\/wp-content\/uploads\/2023\/01\/cierre-programa-desarollo.jpg\" alt=\"\" width=\"700\" height=\"350\" srcset=\"https:\/\/www.yungayino.cl\/noticias\/wp-content\/uploads\/2023\/01\/cierre-programa-desarollo.jpg 700w, https:\/\/www.yungayino.cl\/noticias\/wp-content\/uploads\/2023\/01\/cierre-programa-desarollo-300x150.jpg 300w\" sizes=\"auto, (max-width: 700px) 100vw, 700px\" \/><\/p>\n<p style=\"text-align: justify;\">Yungay, enero 2023: Se realiz\u00f3 la ceremonia del cierre del programa de Desarrollo de Competencias Laborales que certific\u00f3 a 12 yungayinas. Las beneficiadas tuvieron la posibilidad de conocer distintas experiencias, capacitarse y desarrollar competencias laborales en el curso de guardia de seguridad dictado por la escuela de conductores y seguridad Ortecap.<\/p>\n<p style=\"text-align: justify;\">El programa, realizado gracias al convenio entre la Municipalidad de Yungay y la Fundaci\u00f3n para la Promoci\u00f3n y Desarrollo de la Mujer (PRODEMU) tiene como objetivo desarrollar proyectos de habilitaci\u00f3n, capacitaci\u00f3n e intermediaci\u00f3n laboral para las mujeres.<\/p>\n<p style=\"text-align: justify;\">\u201cNuestro deber como gobierno es entregarles las herramientas, empoderar a las mujeres, apoyarlas en su independencia econ\u00f3mica, que es algo fundamental para que se desenvuelvan en distintos \u00e1mbitos y no dependan de terceros\u201d coment\u00f3 la seremi de Gobierno, Valentina Pradenas.<\/p>\n<p style=\"text-align: justify;\">Durante la etapa de certificaci\u00f3n, las participantes tambi\u00e9n recibieron una formaci\u00f3n t\u00e9cnica de alfabetizaci\u00f3n digital realizada por un funcionario de Biblioredes en la Biblioteca de Yungay y una capacitaci\u00f3n e intermediaci\u00f3n laboral por una profesional de Prodemu.<\/p>\n<p style=\"text-align: justify;\">\u201cPara Yungay es necesario este programa, ya que tener mujeres guardias genera cambios culturales. Que existan hoy este tipo de oficios para las mujeres rompe paradigmas y estructuras culturales que abren el espacio para que opten a oficios y trabajos que hist\u00f3ricamente han sido masculinizados\u201d mencion\u00f3 la seremi de la Mujer y Equidad de G\u00e9nero, Cristina Martin S\u00e1ez.<\/p>\n<p style=\"text-align: justify;\">En la instancia, estuvo presente la seremi de Gobierno, Valentina Pradenas Andrade, la seremi de Mujer y Equidad de G\u00e9nero, Cristina Mart\u00edn S\u00e1ez, la directora de Prodemu America Burboa Villar y la directora de Desarrollo Comunitario (DIDECO), Pamela Jelves Acu\u00f1a.<\/p>\n<p style=\"text-align: justify;\">Este convenio ha permitido desde 2019 la certificaci\u00f3n de distintos oficios para las mujeres de Yungay y en esta oportunidad las yungayinas recibieron un malet\u00edn de herramientas equivalente a $80.000 pesos, que ser\u00e1n invertidos en materiales relacionados al oficio aprendido.<\/p>\n<p style=\"text-align: justify;\">\u201cComo Municipio estamos siempre presentes para ejecutar este tipo de capacitaciones, por lo cual siempre contar\u00e1n con el apoyo de todo nuestro equipo, el que d\u00eda a d\u00eda busca generar distintas herramientas que beneficien a las familias\u00a0 y mujeres de nuestra comuna\u201d destac\u00f3 la directora de Dideco, Pamela Jelves Acu\u00f1a, en representaci\u00f3n del alcalde, Rafael Cifuentes Rodr\u00edguez.<\/p>\n","protected":false},"excerpt":{"rendered":"<p>Yungay, enero 2023: Se realiz\u00f3 la ceremonia del cierre del programa de Desarrollo de Competencias Laborales que certific\u00f3 a 12 yungayinas. Las beneficiadas tuvieron la posibilidad de conocer distintas experiencias, capacitarse y desarrollar competencias&#46;&#46;&#46;<\/p>\n","protected":false},"author":2,"featured_media":27680,"comment_status":"closed","ping_status":"open","sticky":false,"template":"","format":"standard","meta":{"footnotes":""},"categories":[1],"tags":[1115,8,6,117],"class_list":["post-27679","post","type-post","status-publish","format-standard","has-post-thumbnail","hentry","category-noticias","tag-noticias","tag-yungay","tag-yungayino","tag-yungayinocl"],"_links":{"self":[{"href":"https:\/\/www.yungayino.cl\/noticias\/index.php?rest_route=\/wp\/v2\/posts\/27679","targetHints":{"allow":["GET"]}}],"collection":[{"href":"https:\/\/www.yungayino.cl\/noticias\/index.php?rest_route=\/wp\/v2\/posts"}],"about":[{"href":"https:\/\/www.yungayino.cl\/noticias\/index.php?rest_route=\/wp\/v2\/types\/post"}],"author":[{"embeddable":true,"href":"https:\/\/www.yungayino.cl\/noticias\/index.php?rest_route=\/wp\/v2\/users\/2"}],"replies":[{"embeddable":true,"href":"https:\/\/www.yungayino.cl\/noticias\/index.php?rest_route=%2Fwp%2Fv2%2Fcomments&post=27679"}],"version-history":[{"count":1,"href":"https:\/\/www.yungayino.cl\/noticias\/index.php?rest_route=\/wp\/v2\/posts\/27679\/revisions"}],"predecessor-version":[{"id":27681,"href":"https:\/\/www.yungayino.cl\/noticias\/index.php?rest_route=\/wp\/v2\/posts\/27679\/revisions\/27681"}],"wp:featuredmedia":[{"embeddable":true,"href":"https:\/\/www.yungayino.cl\/noticias\/index.php?rest_route=\/wp\/v2\/media\/27680"}],"wp:attachment":[{"href":"https:\/\/www.yungayino.cl\/noticias\/index.php?rest_route=%2Fwp%2Fv2%2Fmedia&parent=27679"}],"wp:term":[{"taxonomy":"category","embeddable":true,"href":"https:\/\/www.yungayino.cl\/noticias\/index.php?rest_route=%2Fwp%2Fv2%2Fcategories&post=27679"},{"taxonomy":"post_tag","embeddable":true,"href":"https:\/\/www.yungayino.cl\/noticias\/index.php?rest_route=%2Fwp%2Fv2%2Ftags&post=27679"}],"curies":[{"name":"wp","href":"https:\/\/api.w.org\/{rel}","templated":true}]}}