{"id":27682,"date":"2023-01-30T07:00:34","date_gmt":"2023-01-30T11:00:34","guid":{"rendered":"http:\/\/www.yungayino.cl\/noticias\/?p=27682"},"modified":"2023-01-27T22:08:30","modified_gmt":"2023-01-28T02:08:30","slug":"fiesta-virgen-de-la-candelaria-en-pangal-del-laja","status":"publish","type":"post","link":"https:\/\/www.yungayino.cl\/noticias\/?p=27682","title":{"rendered":"Fiesta Virgen de la Candelaria en Pangal del Laja"},"content":{"rendered":"<p><img loading=\"lazy\" decoding=\"async\" class=\"alignnone wp-image-27684 size-full\" src=\"http:\/\/www.yungayino.cl\/noticias\/wp-content\/uploads\/2023\/01\/fiesta_candelaria_2017.jpg\" alt=\"\" width=\"700\" height=\"393\" srcset=\"https:\/\/www.yungayino.cl\/noticias\/wp-content\/uploads\/2023\/01\/fiesta_candelaria_2017.jpg 700w, https:\/\/www.yungayino.cl\/noticias\/wp-content\/uploads\/2023\/01\/fiesta_candelaria_2017-300x168.jpg 300w, https:\/\/www.yungayino.cl\/noticias\/wp-content\/uploads\/2023\/01\/fiesta_candelaria_2017-267x150.jpg 267w\" sizes=\"auto, (max-width: 700px) 100vw, 700px\" \/><\/p>\n<p style=\"text-align: justify;\">Enero 2023: La junta de vecinos de Pangal del Laja, junto a la comunidad cristiana invitan a todos y todas, veraneantes y visitantes a participar de la Fiesta Virgen de la Candelaria.<\/p>\n<p style=\"text-align: justify;\">Para dar inicio a estos d\u00edas de celebraci\u00f3n se invita a celebrar la Santa Misa dirigida por el Sacerdote Boanerges Correa L\u00f3pez, por nuestra Se\u00f1ora de la Candelaria el d\u00eda mi\u00e9rcoles 01 de febrero a las 20:00 horas y posteriormente a la procesi\u00f3n, para la cual se solicita llevar farolitos para realizar el recorrido por el Sector Pangal del Laja.<\/p>\n<p style=\"text-align: justify;\">Terminada la Santa Misa se continuar\u00e1 con la procesi\u00f3n hasta el campo deportivo y recreativo, donde quedar\u00e1 la imagen en un lugar de oraci\u00f3n y desde donde presidir\u00e1 la celebraci\u00f3n los d\u00edas 2 y 3 de febrero.<\/p>\n<p style=\"text-align: justify;\">La Junta de Vecinos de Pangal del Laja solicita a todos los vecinos del sector que adornen el frontis de sus casas con globos blancos y celestes, junto a un altar con alguna imagen religiosa, para rendir un fervoroso homenaje a nuestra patrona y acojamos con cari\u00f1o a todos nuestros visitantes.<\/p>\n","protected":false},"excerpt":{"rendered":"<p>Enero 2023: La junta de vecinos de Pangal del Laja, junto a la comunidad cristiana invitan a todos y todas, veraneantes y visitantes a participar de la Fiesta Virgen de la Candelaria. Para dar&#46;&#46;&#46;<\/p>\n","protected":false},"author":2,"featured_media":27684,"comment_status":"closed","ping_status":"open","sticky":false,"template":"","format":"standard","meta":{"footnotes":""},"categories":[1],"tags":[161,1115,162,8,6,117],"class_list":["post-27682","post","type-post","status-publish","format-standard","has-post-thumbnail","hentry","category-noticias","tag-fiesta-de-la-candelaria","tag-noticias","tag-pangal-del-laja","tag-yungay","tag-yungayino","tag-yungayinocl"],"_links":{"self":[{"href":"https:\/\/www.yungayino.cl\/noticias\/index.php?rest_route=\/wp\/v2\/posts\/27682","targetHints":{"allow":["GET"]}}],"collection":[{"href":"https:\/\/www.yungayino.cl\/noticias\/index.php?rest_route=\/wp\/v2\/posts"}],"about":[{"href":"https:\/\/www.yungayino.cl\/noticias\/index.php?rest_route=\/wp\/v2\/types\/post"}],"author":[{"embeddable":true,"href":"https:\/\/www.yungayino.cl\/noticias\/index.php?rest_route=\/wp\/v2\/users\/2"}],"replies":[{"embeddable":true,"href":"https:\/\/www.yungayino.cl\/noticias\/index.php?rest_route=%2Fwp%2Fv2%2Fcomments&post=27682"}],"version-history":[{"count":2,"href":"https:\/\/www.yungayino.cl\/noticias\/index.php?rest_route=\/wp\/v2\/posts\/27682\/revisions"}],"predecessor-version":[{"id":27685,"href":"https:\/\/www.yungayino.cl\/noticias\/index.php?rest_route=\/wp\/v2\/posts\/27682\/revisions\/27685"}],"wp:featuredmedia":[{"embeddable":true,"href":"https:\/\/www.yungayino.cl\/noticias\/index.php?rest_route=\/wp\/v2\/media\/27684"}],"wp:attachment":[{"href":"https:\/\/www.yungayino.cl\/noticias\/index.php?rest_route=%2Fwp%2Fv2%2Fmedia&parent=27682"}],"wp:term":[{"taxonomy":"category","embeddable":true,"href":"https:\/\/www.yungayino.cl\/noticias\/index.php?rest_route=%2Fwp%2Fv2%2Fcategories&post=27682"},{"taxonomy":"post_tag","embeddable":true,"href":"https:\/\/www.yungayino.cl\/noticias\/index.php?rest_route=%2Fwp%2Fv2%2Ftags&post=27682"}],"curies":[{"name":"wp","href":"https:\/\/api.w.org\/{rel}","templated":true}]}}