{"id":27704,"date":"2023-02-01T07:00:52","date_gmt":"2023-02-01T11:00:52","guid":{"rendered":"http:\/\/www.yungayino.cl\/noticias\/?p=27704"},"modified":"2023-02-02T20:18:08","modified_gmt":"2023-02-03T00:18:08","slug":"reunion-sobre-la-prevencion-de-incendios-producto-de-alerta-ola-de-calor","status":"publish","type":"post","link":"https:\/\/www.yungayino.cl\/noticias\/?p=27704","title":{"rendered":"Reuni\u00f3n Sobre La Prevenci\u00f3n de Incendios Producto de Alerta Ola de Calor"},"content":{"rendered":"<p><img loading=\"lazy\" decoding=\"async\" class=\"alignnone wp-image-27705 size-full\" src=\"http:\/\/www.yungayino.cl\/noticias\/wp-content\/uploads\/2023\/02\/prevencion-incendios.jpg\" alt=\"\" width=\"700\" height=\"350\" srcset=\"https:\/\/www.yungayino.cl\/noticias\/wp-content\/uploads\/2023\/02\/prevencion-incendios.jpg 700w, https:\/\/www.yungayino.cl\/noticias\/wp-content\/uploads\/2023\/02\/prevencion-incendios-300x150.jpg 300w\" sizes=\"auto, (max-width: 700px) 100vw, 700px\" \/><\/p>\n<p style=\"text-align: justify;\">Yungay, febrero 2023: Esta semana alcalde, Rafael Cifuentes Rodr\u00edguez junto al comit\u00e9 de gesti\u00f3n de riesgo y desastres del municipio, participaron de una reuni\u00f3n para dialogar sobre la prevenci\u00f3n de incendios producto de la alerta de ola de calor para esta semana y durante el mes.<\/p>\n<p style=\"text-align: justify;\">\u201cQueremos agradecer el trabajo realizado por los equipos que integran este comit\u00e9, que en el caso de las forestales no solo han colaborado con los incendios que les competen, sino que tambi\u00e9n contribuyen con el control del fuego en predios agr\u00edcolas\u201d sostuvo la primera autoridad comunal.<\/p>\n<p style=\"text-align: justify;\">En la reuni\u00f3n, los funcionarios de CMPC donaron herramientas al municipio y a Bomberos para colaborar con el combate contra los incendios de esta temporada.<\/p>\n<p style=\"text-align: justify;\">En la instancia, estuvieron presentes el jefe de patrimonio de Forestal Arauco, Manuel Mu\u00f1oz Becerra, la administradora patrimonial de CMPC, Carina P\u00e9rez Hern\u00e1ndez, el operador de terreno de CMPC, Andr\u00e9s Opazo, el mayor de la 4ta. Comisaria de Carabineros de Yungay, Paulo Jim\u00e9nez y la encargada de la oficina de integraci\u00f3n comunitaria de la 4ta. Comisaria de Carabineros, cabo Pilar Cerda.<\/p>\n","protected":false},"excerpt":{"rendered":"<p>Yungay, febrero 2023: Esta semana alcalde, Rafael Cifuentes Rodr\u00edguez junto al comit\u00e9 de gesti\u00f3n de riesgo y desastres del municipio, participaron de una reuni\u00f3n para dialogar sobre la prevenci\u00f3n de incendios producto de la&#46;&#46;&#46;<\/p>\n","protected":false},"author":2,"featured_media":27705,"comment_status":"closed","ping_status":"open","sticky":false,"template":"","format":"standard","meta":{"footnotes":""},"categories":[1],"tags":[1115,2741,8,6,117],"class_list":["post-27704","post","type-post","status-publish","format-standard","has-post-thumbnail","hentry","category-noticias","tag-noticias","tag-prevencion-incendios","tag-yungay","tag-yungayino","tag-yungayinocl"],"_links":{"self":[{"href":"https:\/\/www.yungayino.cl\/noticias\/index.php?rest_route=\/wp\/v2\/posts\/27704","targetHints":{"allow":["GET"]}}],"collection":[{"href":"https:\/\/www.yungayino.cl\/noticias\/index.php?rest_route=\/wp\/v2\/posts"}],"about":[{"href":"https:\/\/www.yungayino.cl\/noticias\/index.php?rest_route=\/wp\/v2\/types\/post"}],"author":[{"embeddable":true,"href":"https:\/\/www.yungayino.cl\/noticias\/index.php?rest_route=\/wp\/v2\/users\/2"}],"replies":[{"embeddable":true,"href":"https:\/\/www.yungayino.cl\/noticias\/index.php?rest_route=%2Fwp%2Fv2%2Fcomments&post=27704"}],"version-history":[{"count":1,"href":"https:\/\/www.yungayino.cl\/noticias\/index.php?rest_route=\/wp\/v2\/posts\/27704\/revisions"}],"predecessor-version":[{"id":27706,"href":"https:\/\/www.yungayino.cl\/noticias\/index.php?rest_route=\/wp\/v2\/posts\/27704\/revisions\/27706"}],"wp:featuredmedia":[{"embeddable":true,"href":"https:\/\/www.yungayino.cl\/noticias\/index.php?rest_route=\/wp\/v2\/media\/27705"}],"wp:attachment":[{"href":"https:\/\/www.yungayino.cl\/noticias\/index.php?rest_route=%2Fwp%2Fv2%2Fmedia&parent=27704"}],"wp:term":[{"taxonomy":"category","embeddable":true,"href":"https:\/\/www.yungayino.cl\/noticias\/index.php?rest_route=%2Fwp%2Fv2%2Fcategories&post=27704"},{"taxonomy":"post_tag","embeddable":true,"href":"https:\/\/www.yungayino.cl\/noticias\/index.php?rest_route=%2Fwp%2Fv2%2Ftags&post=27704"}],"curies":[{"name":"wp","href":"https:\/\/api.w.org\/{rel}","templated":true}]}}