{"id":27732,"date":"2023-02-03T19:00:17","date_gmt":"2023-02-03T23:00:17","guid":{"rendered":"http:\/\/www.yungayino.cl\/noticias\/?p=27732"},"modified":"2023-02-03T19:57:19","modified_gmt":"2023-02-03T23:57:19","slug":"suspension-feria-costumbrista-en-yungay","status":"publish","type":"post","link":"https:\/\/www.yungayino.cl\/noticias\/?p=27732","title":{"rendered":"Suspensi\u00f3n Feria Costumbrista en Yungay"},"content":{"rendered":"<p><img loading=\"lazy\" decoding=\"async\" class=\"alignnone wp-image-27731 size-full\" src=\"http:\/\/www.yungayino.cl\/noticias\/wp-content\/uploads\/2023\/02\/03-febrero-suspension-feria-costumbrista.jpg\" alt=\"\" width=\"700\" height=\"747\" srcset=\"https:\/\/www.yungayino.cl\/noticias\/wp-content\/uploads\/2023\/02\/03-febrero-suspension-feria-costumbrista.jpg 700w, https:\/\/www.yungayino.cl\/noticias\/wp-content\/uploads\/2023\/02\/03-febrero-suspension-feria-costumbrista-281x300.jpg 281w, https:\/\/www.yungayino.cl\/noticias\/wp-content\/uploads\/2023\/02\/03-febrero-suspension-feria-costumbrista-141x150.jpg 141w\" sizes=\"auto, (max-width: 700px) 100vw, 700px\" \/><\/p>\n<p style=\"text-align: justify;\">Yungay, 03 de febrero 2023:<\/p>\n<p style=\"text-align: justify;\">COMUNICADO MUNICIPALIDAD DE YUNGAY<\/p>\n<p style=\"text-align: justify;\">EN ATENCI\u00d3N A LA EMERGENCIA POR INCENDIOS FORESTALES EN LA REGI\u00d3N Y LA COMUNA SE SUSPENDEN ACTIVIDADES PROGRAMADAS PARA \u201cFERIA COSTUMBRISTA 2023\u201d<\/p>\n<p style=\"text-align: justify;\">Debido a los graves incendios que afectan nuestra regi\u00f3n y a Yungay, considerando que nuestro personal municipal, bomberos y equipos de emergencia se encuentran desplegados por la comuna atendiendo las necesidades relacionadas a la situaci\u00f3n, tenemos la obligaci\u00f3n de comunicar la suspensi\u00f3n de la Feria Costumbrista 2023, hasta nuevo aviso.<\/p>\n<p style=\"text-align: justify;\">Nuestro municipio lamenta la situaci\u00f3n que mantiene a la comuna en alerta y la necesidad de suspender esta feria productiva que mantiene viva las tradiciones de nuestro pueblo, pero reiteramos que se deben mantener las medidas de precauci\u00f3n y cuidado, evitando actividades que puedan generar accidentes.<\/p>\n<p style=\"text-align: justify;\">Esperamos volver a encontrarnos cuando hayamos superado esta emergencia.<\/p>\n","protected":false},"excerpt":{"rendered":"<p>Yungay, 03 de febrero 2023: COMUNICADO MUNICIPALIDAD DE YUNGAY EN ATENCI\u00d3N A LA EMERGENCIA POR INCENDIOS FORESTALES EN LA REGI\u00d3N Y LA COMUNA SE SUSPENDEN ACTIVIDADES PROGRAMADAS PARA \u201cFERIA COSTUMBRISTA 2023\u201d Debido a los&#46;&#46;&#46;<\/p>\n","protected":false},"author":2,"featured_media":27733,"comment_status":"closed","ping_status":"open","sticky":false,"template":"","format":"standard","meta":{"footnotes":""},"categories":[3,5,1],"tags":[24,1115,2745,8,6,117],"class_list":["post-27732","post","type-post","status-publish","format-standard","has-post-thumbnail","hentry","category-actualidad","category-eventos","category-noticias","tag-feria-costumbrista","tag-noticias","tag-suspension","tag-yungay","tag-yungayino","tag-yungayinocl"],"_links":{"self":[{"href":"https:\/\/www.yungayino.cl\/noticias\/index.php?rest_route=\/wp\/v2\/posts\/27732","targetHints":{"allow":["GET"]}}],"collection":[{"href":"https:\/\/www.yungayino.cl\/noticias\/index.php?rest_route=\/wp\/v2\/posts"}],"about":[{"href":"https:\/\/www.yungayino.cl\/noticias\/index.php?rest_route=\/wp\/v2\/types\/post"}],"author":[{"embeddable":true,"href":"https:\/\/www.yungayino.cl\/noticias\/index.php?rest_route=\/wp\/v2\/users\/2"}],"replies":[{"embeddable":true,"href":"https:\/\/www.yungayino.cl\/noticias\/index.php?rest_route=%2Fwp%2Fv2%2Fcomments&post=27732"}],"version-history":[{"count":2,"href":"https:\/\/www.yungayino.cl\/noticias\/index.php?rest_route=\/wp\/v2\/posts\/27732\/revisions"}],"predecessor-version":[{"id":27735,"href":"https:\/\/www.yungayino.cl\/noticias\/index.php?rest_route=\/wp\/v2\/posts\/27732\/revisions\/27735"}],"wp:featuredmedia":[{"embeddable":true,"href":"https:\/\/www.yungayino.cl\/noticias\/index.php?rest_route=\/wp\/v2\/media\/27733"}],"wp:attachment":[{"href":"https:\/\/www.yungayino.cl\/noticias\/index.php?rest_route=%2Fwp%2Fv2%2Fmedia&parent=27732"}],"wp:term":[{"taxonomy":"category","embeddable":true,"href":"https:\/\/www.yungayino.cl\/noticias\/index.php?rest_route=%2Fwp%2Fv2%2Fcategories&post=27732"},{"taxonomy":"post_tag","embeddable":true,"href":"https:\/\/www.yungayino.cl\/noticias\/index.php?rest_route=%2Fwp%2Fv2%2Ftags&post=27732"}],"curies":[{"name":"wp","href":"https:\/\/api.w.org\/{rel}","templated":true}]}}