{"id":27742,"date":"2023-02-06T16:00:50","date_gmt":"2023-02-06T20:00:50","guid":{"rendered":"http:\/\/www.yungayino.cl\/noticias\/?p=27742"},"modified":"2023-02-06T16:45:25","modified_gmt":"2023-02-06T20:45:25","slug":"yungay-recibio-implementos-necesarios-para-albergues-de-la-comuna","status":"publish","type":"post","link":"https:\/\/www.yungayino.cl\/noticias\/?p=27742","title":{"rendered":"Yungay Recibi\u00f3 Implementos Necesarios Para Albergues de la Comuna"},"content":{"rendered":"<p><img loading=\"lazy\" decoding=\"async\" class=\"alignnone wp-image-27743 size-full\" src=\"http:\/\/www.yungayino.cl\/noticias\/wp-content\/uploads\/2023\/02\/portada-1.jpg\" alt=\"\" width=\"700\" height=\"350\" srcset=\"https:\/\/www.yungayino.cl\/noticias\/wp-content\/uploads\/2023\/02\/portada-1.jpg 700w, https:\/\/www.yungayino.cl\/noticias\/wp-content\/uploads\/2023\/02\/portada-1-300x150.jpg 300w\" sizes=\"auto, (max-width: 700px) 100vw, 700px\" \/><\/p>\n<p style=\"text-align: justify;\">Yungay, febrero 2023: Alcalde Rafael Cifuentes Rodr\u00edguez junto al equipo municipal recibieron implementos necesarios enviados por el ministerio del Desarrollo Social, a trav\u00e9s de la Delegaci\u00f3n Presidencial para habilitar los albergues de la comuna.<\/p>\n<p style=\"text-align: justify;\">Durante la visita de la seremi de Desarrollo Social, Marta Carvajal a nuestra comuna la tarde de ayer, el alcalde le manifest\u00f3 su preocupaci\u00f3n por mejorar los albergues habilitados en Escuela Fernando Baquedano y Liceo de Campanario para asegurar el bienestar de las familias damnificadas por los incendios en Yungay.<\/p>\n<p style=\"text-align: justify;\">A la Escuela Fernando Baquedano llegaron 50 colchones y su respectiva ropa de cama, el apoyo fue entregado en presencia de la seremi de las Culturas, las Artes y el Patrimonio, Scarlet Hidalgo Jara junto a militares del Ej\u00e9rcito de Chile, esta ayuda se suma a la proporcionada por la comuna de El Carmen, quien nos envi\u00f3 30 colchones para mejorar las condiciones del albergue del Liceo de Campanario.<\/p>\n<p style=\"text-align: justify;\">\u201cAgradecemos el apoyo de las autoridades a nuestra regi\u00f3n y del Ej\u00e9rcito de Chile. Agradecemos tambi\u00e9n la rapidez con la que lleg\u00f3, realmente sentimos el compromiso de la autoridad regional con los damnificados por esta emergencia. Nuestro equipo seguir\u00e1 trabajando para asegurar el bienestar de todos los afectados\u201d sostuvo el alcalde de nuestra comuna.<\/p>\n<p>&nbsp;<\/p>\n<p style=\"text-align: justify;\">[su_button url=\u00bbhttps:\/\/www.facebook.com\/media\/set\/?vanity=yungayino.cl&amp;set=a.6480959745252343&#8243; target=\u00bbblank\u00bb size=\u00bb7&#8243; radius=\u00bbround\u00bb icon=\u00bbicon: facebook-square\u00bb]FOTOGRAF\u00cdAS &#8211; Yungay Recibi\u00f3 Implementos Necesarios Para Albergues de la Comuna[\/su_button]<\/p>\n","protected":false},"excerpt":{"rendered":"<p>Yungay, febrero 2023: Alcalde Rafael Cifuentes Rodr\u00edguez junto al equipo municipal recibieron implementos necesarios enviados por el ministerio del Desarrollo Social, a trav\u00e9s de la Delegaci\u00f3n Presidencial para habilitar los albergues de la comuna.&#46;&#46;&#46;<\/p>\n","protected":false},"author":2,"featured_media":27743,"comment_status":"closed","ping_status":"open","sticky":false,"template":"","format":"standard","meta":{"footnotes":""},"categories":[1],"tags":[2748,1115,8,6,117],"class_list":["post-27742","post","type-post","status-publish","format-standard","has-post-thumbnail","hentry","category-noticias","tag-albergues","tag-noticias","tag-yungay","tag-yungayino","tag-yungayinocl"],"_links":{"self":[{"href":"https:\/\/www.yungayino.cl\/noticias\/index.php?rest_route=\/wp\/v2\/posts\/27742","targetHints":{"allow":["GET"]}}],"collection":[{"href":"https:\/\/www.yungayino.cl\/noticias\/index.php?rest_route=\/wp\/v2\/posts"}],"about":[{"href":"https:\/\/www.yungayino.cl\/noticias\/index.php?rest_route=\/wp\/v2\/types\/post"}],"author":[{"embeddable":true,"href":"https:\/\/www.yungayino.cl\/noticias\/index.php?rest_route=\/wp\/v2\/users\/2"}],"replies":[{"embeddable":true,"href":"https:\/\/www.yungayino.cl\/noticias\/index.php?rest_route=%2Fwp%2Fv2%2Fcomments&post=27742"}],"version-history":[{"count":3,"href":"https:\/\/www.yungayino.cl\/noticias\/index.php?rest_route=\/wp\/v2\/posts\/27742\/revisions"}],"predecessor-version":[{"id":27746,"href":"https:\/\/www.yungayino.cl\/noticias\/index.php?rest_route=\/wp\/v2\/posts\/27742\/revisions\/27746"}],"wp:featuredmedia":[{"embeddable":true,"href":"https:\/\/www.yungayino.cl\/noticias\/index.php?rest_route=\/wp\/v2\/media\/27743"}],"wp:attachment":[{"href":"https:\/\/www.yungayino.cl\/noticias\/index.php?rest_route=%2Fwp%2Fv2%2Fmedia&parent=27742"}],"wp:term":[{"taxonomy":"category","embeddable":true,"href":"https:\/\/www.yungayino.cl\/noticias\/index.php?rest_route=%2Fwp%2Fv2%2Fcategories&post=27742"},{"taxonomy":"post_tag","embeddable":true,"href":"https:\/\/www.yungayino.cl\/noticias\/index.php?rest_route=%2Fwp%2Fv2%2Ftags&post=27742"}],"curies":[{"name":"wp","href":"https:\/\/api.w.org\/{rel}","templated":true}]}}