{"id":27747,"date":"2023-02-06T16:30:26","date_gmt":"2023-02-06T20:30:26","guid":{"rendered":"http:\/\/www.yungayino.cl\/noticias\/?p=27747"},"modified":"2023-02-06T16:57:49","modified_gmt":"2023-02-06T20:57:49","slug":"cdp-yungay-se-reune-con-autoridades-de-emergencia-municipal","status":"publish","type":"post","link":"https:\/\/www.yungayino.cl\/noticias\/?p=27747","title":{"rendered":"CDP Yungay se Re\u00fane con Autoridades de Emergencia Municipal"},"content":{"rendered":"<p><img loading=\"lazy\" decoding=\"async\" class=\"alignnone wp-image-27748 size-full\" src=\"http:\/\/www.yungayino.cl\/noticias\/wp-content\/uploads\/2023\/02\/gendarmeria-06-febrero-2023.jpg\" alt=\"\" width=\"700\" height=\"350\" srcset=\"https:\/\/www.yungayino.cl\/noticias\/wp-content\/uploads\/2023\/02\/gendarmeria-06-febrero-2023.jpg 700w, https:\/\/www.yungayino.cl\/noticias\/wp-content\/uploads\/2023\/02\/gendarmeria-06-febrero-2023-300x150.jpg 300w\" sizes=\"auto, (max-width: 700px) 100vw, 700px\" \/><\/p>\n<p style=\"text-align: justify;\">Yungay, febrero 2023: Autoridades de emergencia de la comuna de Yungay, integradas por el administrador municipal (s) Cristhoper Reyes Borquez y el Encargado de Gesti\u00f3n de Riesgos y Desastres Marcelo Cifuentes, se re\u00fanen con el Alcaide del CDP Yungay Capit\u00e1n Agust\u00edn Guti\u00e9rrez Parada, para coordinar acciones de emergencia ante alguna situaci\u00f3n de crisis que pudiese afectar el establecimiento penal, as\u00ed como conocer planes de emergencia locales.<\/p>\n<p style=\"text-align: justify;\">El Alcaide Capit\u00e1n Guti\u00e9rrez, resalta el compromiso que mantienen las autoridades con la instituci\u00f3n penitenciaria, sobre todo en las condiciones que hoy atraviesa la regi\u00f3n, se\u00f1alando que Gendarmer\u00eda tiene el deber y obligaci\u00f3n de velar por la custodia y seguridad de las personas que se encuentran bajo su cuidado.<\/p>\n","protected":false},"excerpt":{"rendered":"<p>Yungay, febrero 2023: Autoridades de emergencia de la comuna de Yungay, integradas por el administrador municipal (s) Cristhoper Reyes Borquez y el Encargado de Gesti\u00f3n de Riesgos y Desastres Marcelo Cifuentes, se re\u00fanen con&#46;&#46;&#46;<\/p>\n","protected":false},"author":2,"featured_media":27748,"comment_status":"closed","ping_status":"open","sticky":false,"template":"","format":"standard","meta":{"footnotes":""},"categories":[1],"tags":[361,1115,8,6,117],"class_list":["post-27747","post","type-post","status-publish","format-standard","has-post-thumbnail","hentry","category-noticias","tag-gendarmeria","tag-noticias","tag-yungay","tag-yungayino","tag-yungayinocl"],"_links":{"self":[{"href":"https:\/\/www.yungayino.cl\/noticias\/index.php?rest_route=\/wp\/v2\/posts\/27747","targetHints":{"allow":["GET"]}}],"collection":[{"href":"https:\/\/www.yungayino.cl\/noticias\/index.php?rest_route=\/wp\/v2\/posts"}],"about":[{"href":"https:\/\/www.yungayino.cl\/noticias\/index.php?rest_route=\/wp\/v2\/types\/post"}],"author":[{"embeddable":true,"href":"https:\/\/www.yungayino.cl\/noticias\/index.php?rest_route=\/wp\/v2\/users\/2"}],"replies":[{"embeddable":true,"href":"https:\/\/www.yungayino.cl\/noticias\/index.php?rest_route=%2Fwp%2Fv2%2Fcomments&post=27747"}],"version-history":[{"count":1,"href":"https:\/\/www.yungayino.cl\/noticias\/index.php?rest_route=\/wp\/v2\/posts\/27747\/revisions"}],"predecessor-version":[{"id":27749,"href":"https:\/\/www.yungayino.cl\/noticias\/index.php?rest_route=\/wp\/v2\/posts\/27747\/revisions\/27749"}],"wp:featuredmedia":[{"embeddable":true,"href":"https:\/\/www.yungayino.cl\/noticias\/index.php?rest_route=\/wp\/v2\/media\/27748"}],"wp:attachment":[{"href":"https:\/\/www.yungayino.cl\/noticias\/index.php?rest_route=%2Fwp%2Fv2%2Fmedia&parent=27747"}],"wp:term":[{"taxonomy":"category","embeddable":true,"href":"https:\/\/www.yungayino.cl\/noticias\/index.php?rest_route=%2Fwp%2Fv2%2Fcategories&post=27747"},{"taxonomy":"post_tag","embeddable":true,"href":"https:\/\/www.yungayino.cl\/noticias\/index.php?rest_route=%2Fwp%2Fv2%2Ftags&post=27747"}],"curies":[{"name":"wp","href":"https:\/\/api.w.org\/{rel}","templated":true}]}}