{"id":27756,"date":"2023-02-08T12:00:14","date_gmt":"2023-02-08T16:00:14","guid":{"rendered":"http:\/\/www.yungayino.cl\/noticias\/?p=27756"},"modified":"2023-02-08T16:07:09","modified_gmt":"2023-02-08T20:07:09","slug":"profesionales-yungayinas-junto-a-concejal-fernando-cabezas-realizaron-voluntariado-de-salud","status":"publish","type":"post","link":"https:\/\/www.yungayino.cl\/noticias\/?p=27756","title":{"rendered":"Profesionales Yungayinas Junto a Concejal Fernando Cabezas Realizaron Voluntariado de Salud"},"content":{"rendered":"<p><img loading=\"lazy\" decoding=\"async\" class=\"alignnone wp-image-27758 size-full\" src=\"http:\/\/www.yungayino.cl\/noticias\/wp-content\/uploads\/2023\/02\/portada-4.jpg\" alt=\"\" width=\"700\" height=\"315\" srcset=\"https:\/\/www.yungayino.cl\/noticias\/wp-content\/uploads\/2023\/02\/portada-4.jpg 700w, https:\/\/www.yungayino.cl\/noticias\/wp-content\/uploads\/2023\/02\/portada-4-300x135.jpg 300w, https:\/\/www.yungayino.cl\/noticias\/wp-content\/uploads\/2023\/02\/portada-4-333x150.jpg 333w\" sizes=\"auto, (max-width: 700px) 100vw, 700px\" \/><\/p>\n<p style=\"text-align: justify;\">Yungay, febrero 2023: La emergencia que estamos viviendo hizo que un grupo de profesionales yungayinas (os) se organizar\u00e1n para formar un voluntariado de la salud e ir a los Albergues y a los sectores donde est\u00e1n ocurriendo los incendios que est\u00e1n afectando a nuestra Comuna.<\/p>\n<p style=\"text-align: justify;\">Seg\u00fan lo se\u00f1alado por el Concejal Fernando Cabezas, estos j\u00f3venes se acercaron a plantearle esta iniciativa, y el no dudo en apoyar.<\/p>\n<p style=\"text-align: justify;\">La idea es que este grupo siga creciendo con m\u00e1s profesionales para prestar contenci\u00f3n a las personas en estos momentos y la idea es tambi\u00e9n mantenerlo durante el a\u00f1o para acercarse a las comunidades Rurales m\u00e1s lejanas, se\u00f1al\u00f3 a nuestro medio el Concejal Cabezas.<\/p>\n<p style=\"text-align: justify;\">Adem\u00e1s agradecen el aporte de algunos particulares y trasporte para el apoyo de esta iniciativa como es el caso del transportista Sr. Mauro Bruna y Sr. Ricardo Cid.<\/p>\n<p style=\"text-align: justify;\">Para finalizar hacen un llamado a otros j\u00f3venes a unirse a esta causa y felicitar a estas tremendas profesionales yungayinas que han mostrado su lado humano y solidario.<\/p>\n<p>&nbsp;<\/p>\n<p style=\"text-align: justify;\">[su_button url=\u00bbhttps:\/\/www.facebook.com\/media\/set\/?vanity=yungayino.cl&amp;set=a.6487572241257760&#8243; target=\u00bbblank\u00bb size=\u00bb7&#8243; radius=\u00bbround\u00bb icon=\u00bbicon: facebook-square\u00bb]FOTOGRAF\u00cdAS \u2013 Profesionales Yungayinas Junto a Concejal Fernando Cabezas Realizaron Voluntariado de Salud[\/su_button]<\/p>\n","protected":false},"excerpt":{"rendered":"<p>Yungay, febrero 2023: La emergencia que estamos viviendo hizo que un grupo de profesionales yungayinas (os) se organizar\u00e1n para formar un voluntariado de la salud e ir a los Albergues y a los sectores&#46;&#46;&#46;<\/p>\n","protected":false},"author":2,"featured_media":27758,"comment_status":"closed","ping_status":"open","sticky":false,"template":"","format":"standard","meta":{"footnotes":""},"categories":[1],"tags":[2749,2750,1115,8,6,117],"class_list":["post-27756","post","type-post","status-publish","format-standard","has-post-thumbnail","hentry","category-noticias","tag-concejal","tag-fernando-cabezas","tag-noticias","tag-yungay","tag-yungayino","tag-yungayinocl"],"_links":{"self":[{"href":"https:\/\/www.yungayino.cl\/noticias\/index.php?rest_route=\/wp\/v2\/posts\/27756","targetHints":{"allow":["GET"]}}],"collection":[{"href":"https:\/\/www.yungayino.cl\/noticias\/index.php?rest_route=\/wp\/v2\/posts"}],"about":[{"href":"https:\/\/www.yungayino.cl\/noticias\/index.php?rest_route=\/wp\/v2\/types\/post"}],"author":[{"embeddable":true,"href":"https:\/\/www.yungayino.cl\/noticias\/index.php?rest_route=\/wp\/v2\/users\/2"}],"replies":[{"embeddable":true,"href":"https:\/\/www.yungayino.cl\/noticias\/index.php?rest_route=%2Fwp%2Fv2%2Fcomments&post=27756"}],"version-history":[{"count":3,"href":"https:\/\/www.yungayino.cl\/noticias\/index.php?rest_route=\/wp\/v2\/posts\/27756\/revisions"}],"predecessor-version":[{"id":27761,"href":"https:\/\/www.yungayino.cl\/noticias\/index.php?rest_route=\/wp\/v2\/posts\/27756\/revisions\/27761"}],"wp:featuredmedia":[{"embeddable":true,"href":"https:\/\/www.yungayino.cl\/noticias\/index.php?rest_route=\/wp\/v2\/media\/27758"}],"wp:attachment":[{"href":"https:\/\/www.yungayino.cl\/noticias\/index.php?rest_route=%2Fwp%2Fv2%2Fmedia&parent=27756"}],"wp:term":[{"taxonomy":"category","embeddable":true,"href":"https:\/\/www.yungayino.cl\/noticias\/index.php?rest_route=%2Fwp%2Fv2%2Fcategories&post=27756"},{"taxonomy":"post_tag","embeddable":true,"href":"https:\/\/www.yungayino.cl\/noticias\/index.php?rest_route=%2Fwp%2Fv2%2Ftags&post=27756"}],"curies":[{"name":"wp","href":"https:\/\/api.w.org\/{rel}","templated":true}]}}