{"id":27762,"date":"2023-02-09T07:00:31","date_gmt":"2023-02-09T11:00:31","guid":{"rendered":"http:\/\/www.yungayino.cl\/noticias\/?p=27762"},"modified":"2023-02-08T16:31:21","modified_gmt":"2023-02-08T20:31:21","slug":"alcalde-y-equipo-daem-se-reunieron-con-seremi-de-educacion","status":"publish","type":"post","link":"https:\/\/www.yungayino.cl\/noticias\/?p=27762","title":{"rendered":"Alcalde y Equipo DAEM se Reunieron con Seremi de Educaci\u00f3n"},"content":{"rendered":"<p><img loading=\"lazy\" decoding=\"async\" class=\"alignnone wp-image-27763 size-full\" src=\"http:\/\/www.yungayino.cl\/noticias\/wp-content\/uploads\/2023\/02\/reinion-daem-y-alcalde.jpg\" alt=\"\" width=\"700\" height=\"350\" srcset=\"https:\/\/www.yungayino.cl\/noticias\/wp-content\/uploads\/2023\/02\/reinion-daem-y-alcalde.jpg 700w, https:\/\/www.yungayino.cl\/noticias\/wp-content\/uploads\/2023\/02\/reinion-daem-y-alcalde-300x150.jpg 300w\" sizes=\"auto, (max-width: 700px) 100vw, 700px\" \/><\/p>\n<p style=\"text-align: justify;\">Yungay, febrero 2023: El alcalde Rafael Cifuentes Rodr\u00edguez junto a funcionarios del DAEM, recibieron la visita del seremi de Educaci\u00f3n, C\u00e9sar Riquelme Alarc\u00f3n y su equipo para conocer el estado de los colegios de la comuna previo a la vuelta a clases de los estudiantes en marzo.<\/p>\n<p style=\"text-align: justify;\">En la instancia, las autoridades tambi\u00e9n abordaron la situaci\u00f3n de los establecimientos educacionales rurales y reforzaron su compromiso con el futuro de las escuelas y liceos de Yungay.<\/p>\n<p style=\"text-align: justify;\">\u201cLa educaci\u00f3n de nuestros ni\u00f1os y ni\u00f1as es una de las principales prioridades de nuestra comuna, por esta raz\u00f3n agradecemos el compromiso y preocupaci\u00f3n de las autoridades con nuestros establecimientos, nos estamos preparando para la vuelta a clases\u201d mencion\u00f3 la primera autoridad comunal.<\/p>\n","protected":false},"excerpt":{"rendered":"<p>Yungay, febrero 2023: El alcalde Rafael Cifuentes Rodr\u00edguez junto a funcionarios del DAEM, recibieron la visita del seremi de Educaci\u00f3n, C\u00e9sar Riquelme Alarc\u00f3n y su equipo para conocer el estado de los colegios de&#46;&#46;&#46;<\/p>\n","protected":false},"author":2,"featured_media":27763,"comment_status":"closed","ping_status":"open","sticky":false,"template":"","format":"standard","meta":{"footnotes":""},"categories":[1493,2571,1],"tags":[355,366,1115,8,6,117],"class_list":["post-27762","post","type-post","status-publish","format-standard","has-post-thumbnail","hentry","category-educacion","category-educacion-2","category-noticias","tag-daem","tag-educacion","tag-noticias","tag-yungay","tag-yungayino","tag-yungayinocl"],"_links":{"self":[{"href":"https:\/\/www.yungayino.cl\/noticias\/index.php?rest_route=\/wp\/v2\/posts\/27762","targetHints":{"allow":["GET"]}}],"collection":[{"href":"https:\/\/www.yungayino.cl\/noticias\/index.php?rest_route=\/wp\/v2\/posts"}],"about":[{"href":"https:\/\/www.yungayino.cl\/noticias\/index.php?rest_route=\/wp\/v2\/types\/post"}],"author":[{"embeddable":true,"href":"https:\/\/www.yungayino.cl\/noticias\/index.php?rest_route=\/wp\/v2\/users\/2"}],"replies":[{"embeddable":true,"href":"https:\/\/www.yungayino.cl\/noticias\/index.php?rest_route=%2Fwp%2Fv2%2Fcomments&post=27762"}],"version-history":[{"count":1,"href":"https:\/\/www.yungayino.cl\/noticias\/index.php?rest_route=\/wp\/v2\/posts\/27762\/revisions"}],"predecessor-version":[{"id":27764,"href":"https:\/\/www.yungayino.cl\/noticias\/index.php?rest_route=\/wp\/v2\/posts\/27762\/revisions\/27764"}],"wp:featuredmedia":[{"embeddable":true,"href":"https:\/\/www.yungayino.cl\/noticias\/index.php?rest_route=\/wp\/v2\/media\/27763"}],"wp:attachment":[{"href":"https:\/\/www.yungayino.cl\/noticias\/index.php?rest_route=%2Fwp%2Fv2%2Fmedia&parent=27762"}],"wp:term":[{"taxonomy":"category","embeddable":true,"href":"https:\/\/www.yungayino.cl\/noticias\/index.php?rest_route=%2Fwp%2Fv2%2Fcategories&post=27762"},{"taxonomy":"post_tag","embeddable":true,"href":"https:\/\/www.yungayino.cl\/noticias\/index.php?rest_route=%2Fwp%2Fv2%2Ftags&post=27762"}],"curies":[{"name":"wp","href":"https:\/\/api.w.org\/{rel}","templated":true}]}}