{"id":27771,"date":"2023-02-08T18:00:35","date_gmt":"2023-02-08T22:00:35","guid":{"rendered":"http:\/\/www.yungayino.cl\/noticias\/?p=27771"},"modified":"2023-02-08T18:39:32","modified_gmt":"2023-02-08T22:39:32","slug":"alcalde-se-reunio-con-seremi-de-transporte-y-telecomunicaciones","status":"publish","type":"post","link":"https:\/\/www.yungayino.cl\/noticias\/?p=27771","title":{"rendered":"Alcalde se Reuni\u00f3 con Seremi de Transporte y Telecomunicaciones"},"content":{"rendered":"<p><img loading=\"lazy\" decoding=\"async\" class=\"alignnone wp-image-27772 size-full\" src=\"http:\/\/www.yungayino.cl\/noticias\/wp-content\/uploads\/2023\/02\/portada-5.jpg\" alt=\"\" width=\"700\" height=\"350\" srcset=\"https:\/\/www.yungayino.cl\/noticias\/wp-content\/uploads\/2023\/02\/portada-5.jpg 700w, https:\/\/www.yungayino.cl\/noticias\/wp-content\/uploads\/2023\/02\/portada-5-300x150.jpg 300w\" sizes=\"auto, (max-width: 700px) 100vw, 700px\" \/><\/p>\n<p style=\"text-align: justify;\">Yungay, febrero 2023: El alcalde, Rafael Cifuentes Rodr\u00edguez junto al Comit\u00e9 de Gesti\u00f3n, Riesgo y Desastre recibieron la visita del Seremi de Transporte y Telecomunicaciones, Javier Isla Figueroa, quien asumi\u00f3 el rol de intermediario entre el Gobierno Central y nuestra comuna, con el fin de dirigir los esfuerzos destinados a los incendios que azotan a Yungay y tambi\u00e9n coordinar las ayudas sociales que necesitar\u00e1n las familias afectadas por la emergencia.<\/p>\n<p style=\"text-align: justify;\">Se\u00f1alar que el Comit\u00e9 de Gesti\u00f3n, Riesgo y Desastre est\u00e1 encabezado por el alcalde junto a los Equipos T\u00e9cnicos del Municipio e Instituciones Locales como Carabineros, Gendarmer\u00eda, Bomberos y Profesionales de Salud.<\/p>\n<p>&nbsp;<\/p>\n<p style=\"text-align: justify;\">[su_button url=\u00bbhttps:\/\/www.facebook.com\/media\/set\/?vanity=yungayino.cl&amp;set=a.6487921771222807&#8243; target=\u00bbblank\u00bb size=\u00bb7&#8243; radius=\u00bbround\u00bb icon=\u00bbicon: facebook-square\u00bb]FOTOGRAF\u00cdAS \u2013 Alcalde se Reuni\u00f3 con Seremi de Transporte y Telecomunicaciones[\/su_button]<\/p>\n","protected":false},"excerpt":{"rendered":"<p>Yungay, febrero 2023: El alcalde, Rafael Cifuentes Rodr\u00edguez junto al Comit\u00e9 de Gesti\u00f3n, Riesgo y Desastre recibieron la visita del Seremi de Transporte y Telecomunicaciones, Javier Isla Figueroa, quien asumi\u00f3 el rol de intermediario&#46;&#46;&#46;<\/p>\n","protected":false},"author":2,"featured_media":27772,"comment_status":"closed","ping_status":"open","sticky":false,"template":"","format":"standard","meta":{"footnotes":""},"categories":[1],"tags":[1115,1528,2752,8,6,117],"class_list":["post-27771","post","type-post","status-publish","format-standard","has-post-thumbnail","hentry","category-noticias","tag-noticias","tag-seremi","tag-transporte-y-telecomunicaciones","tag-yungay","tag-yungayino","tag-yungayinocl"],"_links":{"self":[{"href":"https:\/\/www.yungayino.cl\/noticias\/index.php?rest_route=\/wp\/v2\/posts\/27771","targetHints":{"allow":["GET"]}}],"collection":[{"href":"https:\/\/www.yungayino.cl\/noticias\/index.php?rest_route=\/wp\/v2\/posts"}],"about":[{"href":"https:\/\/www.yungayino.cl\/noticias\/index.php?rest_route=\/wp\/v2\/types\/post"}],"author":[{"embeddable":true,"href":"https:\/\/www.yungayino.cl\/noticias\/index.php?rest_route=\/wp\/v2\/users\/2"}],"replies":[{"embeddable":true,"href":"https:\/\/www.yungayino.cl\/noticias\/index.php?rest_route=%2Fwp%2Fv2%2Fcomments&post=27771"}],"version-history":[{"count":3,"href":"https:\/\/www.yungayino.cl\/noticias\/index.php?rest_route=\/wp\/v2\/posts\/27771\/revisions"}],"predecessor-version":[{"id":27775,"href":"https:\/\/www.yungayino.cl\/noticias\/index.php?rest_route=\/wp\/v2\/posts\/27771\/revisions\/27775"}],"wp:featuredmedia":[{"embeddable":true,"href":"https:\/\/www.yungayino.cl\/noticias\/index.php?rest_route=\/wp\/v2\/media\/27772"}],"wp:attachment":[{"href":"https:\/\/www.yungayino.cl\/noticias\/index.php?rest_route=%2Fwp%2Fv2%2Fmedia&parent=27771"}],"wp:term":[{"taxonomy":"category","embeddable":true,"href":"https:\/\/www.yungayino.cl\/noticias\/index.php?rest_route=%2Fwp%2Fv2%2Fcategories&post=27771"},{"taxonomy":"post_tag","embeddable":true,"href":"https:\/\/www.yungayino.cl\/noticias\/index.php?rest_route=%2Fwp%2Fv2%2Ftags&post=27771"}],"curies":[{"name":"wp","href":"https:\/\/api.w.org\/{rel}","templated":true}]}}